{"id":1194442,"date":"2026-04-26T10:06:58","date_gmt":"2026-04-26T10:06:58","guid":{"rendered":"https:\/\/madeiraisland.news\/?p=1194442"},"modified":"2026-04-26T10:10:03","modified_gmt":"2026-04-26T10:10:03","slug":"luis-montenegro-condena-tentativa-de-ataque-a-trump","status":"publish","type":"post","link":"https:\/\/madeiraisland.news\/?p=1194442","title":{"rendered":"Lu\u00eds Montenegro condena tentativa de ataque a Trump"},"content":{"rendered":"<p>O primeiro-ministro portugu\u00eas, Lu\u00eds Montenegro, condenou hoje a tentativa de ataque ao Presidente dos Estados Unidos da Am\u00e9rica, Donald Trump, e afirmou que a democracia n\u00e3o pode tolerar viol\u00eancia.<br \/>\n&#8220;Condeno veementemente a tentativa de ataque esta noite contra o Presidente dos Estados Unidos da Am\u00e9rica, Donald Trump. A democracia e quem a defende n\u00e3o podem tolerar ou transigir com viol\u00eancia pol\u00edtica&#8221;, escreveu Lu\u00eds Montenegro na rede social X.<br \/>\nRefer\u00eancia ao link: https:\/\/www.dnoticias.pt\/2026\/4\/<\/p>\n","protected":false},"excerpt":{"rendered":"<p>O primeiro-ministro portugu\u00eas, Lu\u00eds Montenegro, condenou hoje a tentativa de ataque ao Presidente dos Estados Unidos da Am\u00e9rica, Donald Trump, e afirmou que a democracia n\u00e3o pode tolerar viol\u00eancia. &#8220;Condeno veementemente a tentativa de ataque<\/p>\n","protected":false},"author":5,"featured_media":0,"comment_status":"open","ping_status":"","sticky":false,"template":"","format":"standard","meta":{"footnotes":""},"categories":[19],"tags":[],"class_list":["post-1194442","post","type-post","status-publish","format-standard","hentry","category-madeira-island-news","infinite-scroll-item","masonry-post","generate-columns","tablet-grid-50","mobile-grid-100","grid-parent","grid-33"],"_links":{"self":[{"href":"https:\/\/madeiraisland.news\/index.php?rest_route=\/wp\/v2\/posts\/1194442","targetHints":{"allow":["GET"]}}],"collection":[{"href":"https:\/\/madeiraisland.news\/index.php?rest_route=\/wp\/v2\/posts"}],"about":[{"href":"https:\/\/madeiraisland.news\/index.php?rest_route=\/wp\/v2\/types\/post"}],"author":[{"embeddable":true,"href":"https:\/\/madeiraisland.news\/index.php?rest_route=\/wp\/v2\/users\/5"}],"replies":[{"embeddable":true,"href":"https:\/\/madeiraisland.news\/index.php?rest_route=%2Fwp%2Fv2%2Fcomments&post=1194442"}],"version-history":[{"count":2,"href":"https:\/\/madeiraisland.news\/index.php?rest_route=\/wp\/v2\/posts\/1194442\/revisions"}],"predecessor-version":[{"id":1194444,"href":"https:\/\/madeiraisland.news\/index.php?rest_route=\/wp\/v2\/posts\/1194442\/revisions\/1194444"}],"wp:attachment":[{"href":"https:\/\/madeiraisland.news\/index.php?rest_route=%2Fwp%2Fv2%2Fmedia&parent=1194442"}],"wp:term":[{"taxonomy":"category","embeddable":true,"href":"https:\/\/madeiraisland.news\/index.php?rest_route=%2Fwp%2Fv2%2Fcategories&post=1194442"},{"taxonomy":"post_tag","embeddable":true,"href":"https:\/\/madeiraisland.news\/index.php?rest_route=%2Fwp%2Fv2%2Ftags&post=1194442"}],"curies":[{"name":"wp","href":"https:\/\/api.w.org\/{rel}","templated":true}]}}