{"id":1194440,"date":"2026-04-26T09:57:23","date_gmt":"2026-04-26T09:57:23","guid":{"rendered":"https:\/\/madeiraisland.news\/?p=1194440"},"modified":"2026-04-26T10:10:02","modified_gmt":"2026-04-26T10:10:02","slug":"casal-de-turistas-franceses-resgatados-nas-serras-da-boa-ventura","status":"publish","type":"post","link":"https:\/\/madeiraisland.news\/?p=1194440","title":{"rendered":"Casal de turistas franceses resgatados nas serras da Boa Ventura"},"content":{"rendered":"<p>Terminou, h\u00e1 instantes, uma opera\u00e7\u00e3o de resgate nas serras da Boa Ventura, no concelho de S\u00e3o Vicente, ap\u00f3s o desaparecimento de um casal de turistas franceses e alegadamente uma crian\u00e7a, cujas idades n\u00e3o foi poss\u00edvel apurar.<br \/>\nSegundo o que o DI\u00c1RIO aferiu, o grupo ter\u00e1 ficado perdido desde a tarde de ontem, depois de aparentemente n\u00e3o terem conseguido encontrar o caminho de sa\u00edda, acabando por accionar-se um vasto dispositivo de busca.<br \/>\nAs opera\u00e7\u00f5es mobilizaram elementos da Pol\u00edcia Florestal, da <\/p>\n","protected":false},"excerpt":{"rendered":"<p>Terminou, h\u00e1 instantes, uma opera\u00e7\u00e3o de resgate nas serras da Boa Ventura, no concelho de S\u00e3o Vicente, ap\u00f3s o desaparecimento &#8230; <\/p>\n<p class=\"read-more-container\"><a title=\"Casal de turistas franceses resgatados nas serras da Boa Ventura\" class=\"read-more button\" href=\"https:\/\/madeiraisland.news\/?p=1194440#more-1194440\" aria-label=\"Read more about Casal de turistas franceses resgatados nas serras da Boa Ventura\">Read more<\/a><\/p>\n","protected":false},"author":301,"featured_media":0,"comment_status":"open","ping_status":"","sticky":false,"template":"","format":"standard","meta":{"footnotes":""},"categories":[19],"tags":[],"class_list":["post-1194440","post","type-post","status-publish","format-standard","hentry","category-madeira-island-news","infinite-scroll-item","masonry-post","generate-columns","tablet-grid-50","mobile-grid-100","grid-parent","grid-33"],"_links":{"self":[{"href":"https:\/\/madeiraisland.news\/index.php?rest_route=\/wp\/v2\/posts\/1194440","targetHints":{"allow":["GET"]}}],"collection":[{"href":"https:\/\/madeiraisland.news\/index.php?rest_route=\/wp\/v2\/posts"}],"about":[{"href":"https:\/\/madeiraisland.news\/index.php?rest_route=\/wp\/v2\/types\/post"}],"author":[{"embeddable":true,"href":"https:\/\/madeiraisland.news\/index.php?rest_route=\/wp\/v2\/users\/301"}],"replies":[{"embeddable":true,"href":"https:\/\/madeiraisland.news\/index.php?rest_route=%2Fwp%2Fv2%2Fcomments&post=1194440"}],"version-history":[{"count":1,"href":"https:\/\/madeiraisland.news\/index.php?rest_route=\/wp\/v2\/posts\/1194440\/revisions"}],"predecessor-version":[{"id":1194441,"href":"https:\/\/madeiraisland.news\/index.php?rest_route=\/wp\/v2\/posts\/1194440\/revisions\/1194441"}],"wp:attachment":[{"href":"https:\/\/madeiraisland.news\/index.php?rest_route=%2Fwp%2Fv2%2Fmedia&parent=1194440"}],"wp:term":[{"taxonomy":"category","embeddable":true,"href":"https:\/\/madeiraisland.news\/index.php?rest_route=%2Fwp%2Fv2%2Fcategories&post=1194440"},{"taxonomy":"post_tag","embeddable":true,"href":"https:\/\/madeiraisland.news\/index.php?rest_route=%2Fwp%2Fv2%2Ftags&post=1194440"}],"curies":[{"name":"wp","href":"https:\/\/api.w.org\/{rel}","templated":true}]}}