{"id":1194438,"date":"2026-04-26T09:19:54","date_gmt":"2026-04-26T09:19:54","guid":{"rendered":"https:\/\/madeiraisland.news\/?p=1194438"},"modified":"2026-04-26T09:23:12","modified_gmt":"2026-04-26T09:23:12","slug":"nena-vem-a-semana-gastronomica-de-machico-a-1-de-agosto","status":"publish","type":"post","link":"https:\/\/madeiraisland.news\/?p=1194438","title":{"rendered":"Nena vem \u00e0 Semana Gastron\u00f3mica de Machico a 1 de agosto"},"content":{"rendered":"<p>Pela primeira vez na Madeira, Nena \u00e9 uma das apostas da Semana Gastron\u00f3mica de Machico. Com temas como \u201cPortas do Sol\u201d e \u201cDo Meu ao Teu Correio\u201d, a artista destaca-se pela sua escrita simples, honesta e cheia de sentimento, criando can\u00e7\u00f5es que ficam no ouvido e no cora\u00e7\u00e3o.<\/p>\n","protected":false},"excerpt":{"rendered":"<p>Pela primeira vez na Madeira, Nena \u00e9 uma das apostas da Semana Gastron\u00f3mica de Machico. Com temas como \u201cPortas do &#8230; <\/p>\n<p class=\"read-more-container\"><a title=\"Nena vem \u00e0 Semana Gastron\u00f3mica de Machico a 1 de agosto\" class=\"read-more button\" href=\"https:\/\/madeiraisland.news\/?p=1194438#more-1194438\" aria-label=\"Read more about Nena vem \u00e0 Semana Gastron\u00f3mica de Machico a 1 de agosto\">Read more<\/a><\/p>\n","protected":false},"author":259,"featured_media":0,"comment_status":"open","ping_status":"","sticky":false,"template":"","format":"standard","meta":{"footnotes":""},"categories":[19],"tags":[],"class_list":["post-1194438","post","type-post","status-publish","format-standard","hentry","category-madeira-island-news","infinite-scroll-item","masonry-post","generate-columns","tablet-grid-50","mobile-grid-100","grid-parent","grid-33"],"_links":{"self":[{"href":"https:\/\/madeiraisland.news\/index.php?rest_route=\/wp\/v2\/posts\/1194438","targetHints":{"allow":["GET"]}}],"collection":[{"href":"https:\/\/madeiraisland.news\/index.php?rest_route=\/wp\/v2\/posts"}],"about":[{"href":"https:\/\/madeiraisland.news\/index.php?rest_route=\/wp\/v2\/types\/post"}],"author":[{"embeddable":true,"href":"https:\/\/madeiraisland.news\/index.php?rest_route=\/wp\/v2\/users\/259"}],"replies":[{"embeddable":true,"href":"https:\/\/madeiraisland.news\/index.php?rest_route=%2Fwp%2Fv2%2Fcomments&post=1194438"}],"version-history":[{"count":1,"href":"https:\/\/madeiraisland.news\/index.php?rest_route=\/wp\/v2\/posts\/1194438\/revisions"}],"predecessor-version":[{"id":1194439,"href":"https:\/\/madeiraisland.news\/index.php?rest_route=\/wp\/v2\/posts\/1194438\/revisions\/1194439"}],"wp:attachment":[{"href":"https:\/\/madeiraisland.news\/index.php?rest_route=%2Fwp%2Fv2%2Fmedia&parent=1194438"}],"wp:term":[{"taxonomy":"category","embeddable":true,"href":"https:\/\/madeiraisland.news\/index.php?rest_route=%2Fwp%2Fv2%2Fcategories&post=1194438"},{"taxonomy":"post_tag","embeddable":true,"href":"https:\/\/madeiraisland.news\/index.php?rest_route=%2Fwp%2Fv2%2Ftags&post=1194438"}],"curies":[{"name":"wp","href":"https:\/\/api.w.org\/{rel}","templated":true}]}}