{"id":1194436,"date":"2026-04-26T09:07:47","date_gmt":"2026-04-26T09:07:47","guid":{"rendered":"https:\/\/madeiraisland.news\/?p=1194436"},"modified":"2026-04-26T09:23:12","modified_gmt":"2026-04-26T09:23:12","slug":"motociclista-fica-gravemente-ferido-em-acidente-na-via-rapida","status":"publish","type":"post","link":"https:\/\/madeiraisland.news\/?p=1194436","title":{"rendered":"Motociclista fica gravemente ferido em acidente na Via R\u00e1pida"},"content":{"rendered":"<p>Um motociclista ficou gravemente ferido ao in\u00edcio da noite de ontem, na sequ\u00eancia de um acidente ocorrido na Via R\u00e1pida, no sentido Santa Cruz\u2013Funchal.<br \/>\nO alerta foi dado por volta das 20 horas, mobilizando para o local a Equipa M\u00e9dica de Interven\u00e7\u00e3o R\u00e1pida (EMIR) e os Bombeiros Sapadores do Funchal. \u00c0 chegada dos meios de socorro, a v\u00edtima, cuja idade n\u00e3o foi poss\u00edvel apurar, apresentava ferimentos considerados graves, tendo sido assistida e imobilizada no local.<br \/>\nAp\u00f3s os primeiros cuidados, o mo<\/p>\n","protected":false},"excerpt":{"rendered":"<p>Um motociclista ficou gravemente ferido ao in\u00edcio da noite de ontem, na sequ\u00eancia de um acidente ocorrido na Via R\u00e1pida, &#8230; <\/p>\n<p class=\"read-more-container\"><a title=\"Motociclista fica gravemente ferido em acidente na Via R\u00e1pida\" class=\"read-more button\" href=\"https:\/\/madeiraisland.news\/?p=1194436#more-1194436\" aria-label=\"Read more about Motociclista fica gravemente ferido em acidente na Via R\u00e1pida\">Read more<\/a><\/p>\n","protected":false},"author":301,"featured_media":0,"comment_status":"open","ping_status":"","sticky":false,"template":"","format":"standard","meta":{"footnotes":""},"categories":[19],"tags":[],"class_list":["post-1194436","post","type-post","status-publish","format-standard","hentry","category-madeira-island-news","infinite-scroll-item","masonry-post","generate-columns","tablet-grid-50","mobile-grid-100","grid-parent","grid-33"],"_links":{"self":[{"href":"https:\/\/madeiraisland.news\/index.php?rest_route=\/wp\/v2\/posts\/1194436","targetHints":{"allow":["GET"]}}],"collection":[{"href":"https:\/\/madeiraisland.news\/index.php?rest_route=\/wp\/v2\/posts"}],"about":[{"href":"https:\/\/madeiraisland.news\/index.php?rest_route=\/wp\/v2\/types\/post"}],"author":[{"embeddable":true,"href":"https:\/\/madeiraisland.news\/index.php?rest_route=\/wp\/v2\/users\/301"}],"replies":[{"embeddable":true,"href":"https:\/\/madeiraisland.news\/index.php?rest_route=%2Fwp%2Fv2%2Fcomments&post=1194436"}],"version-history":[{"count":1,"href":"https:\/\/madeiraisland.news\/index.php?rest_route=\/wp\/v2\/posts\/1194436\/revisions"}],"predecessor-version":[{"id":1194437,"href":"https:\/\/madeiraisland.news\/index.php?rest_route=\/wp\/v2\/posts\/1194436\/revisions\/1194437"}],"wp:attachment":[{"href":"https:\/\/madeiraisland.news\/index.php?rest_route=%2Fwp%2Fv2%2Fmedia&parent=1194436"}],"wp:term":[{"taxonomy":"category","embeddable":true,"href":"https:\/\/madeiraisland.news\/index.php?rest_route=%2Fwp%2Fv2%2Fcategories&post=1194436"},{"taxonomy":"post_tag","embeddable":true,"href":"https:\/\/madeiraisland.news\/index.php?rest_route=%2Fwp%2Fv2%2Ftags&post=1194436"}],"curies":[{"name":"wp","href":"https:\/\/api.w.org\/{rel}","templated":true}]}}