{"id":1194434,"date":"2026-04-26T09:11:52","date_gmt":"2026-04-26T09:11:52","guid":{"rendered":"https:\/\/madeiraisland.news\/?p=1194434"},"modified":"2026-04-26T09:23:11","modified_gmt":"2026-04-26T09:23:11","slug":"homem-recorre-a-psp-no-funchal-apos-consumo-de-estupefacientes","status":"publish","type":"post","link":"https:\/\/madeiraisland.news\/?p=1194434","title":{"rendered":"Homem recorre \u00e0 PSP no Funchal ap\u00f3s consumo de estupefacientes"},"content":{"rendered":"<p>Um homem de 28 anos dirigiu-se, esta manh\u00e3, ao Comando Regional da Pol\u00edcia de Seguran\u00e7a P\u00fablica (PSP), no Funchal, a pedir ajuda, alegadamente ap\u00f3s o consumo de estupefacientes.<br \/>\nSegundo o que o DI\u00c1RIO conseguiu apurar, o jovem apresentava um comportamento alterado, o que motivou a interven\u00e7\u00e3o das autoridades no local. Perante a situa\u00e7\u00e3o, foram accionados os Bombeiros Volunt\u00e1rios Madeirenses, que procederam ao socorro da v\u00edtima. Ap\u00f3s ser assistido, o homem foi transportado para o Hospital Dr. N\u00e9l<\/p>\n","protected":false},"excerpt":{"rendered":"<p>Um homem de 28 anos dirigiu-se, esta manh\u00e3, ao Comando Regional da Pol\u00edcia de Seguran\u00e7a P\u00fablica (PSP), no Funchal, a &#8230; <\/p>\n<p class=\"read-more-container\"><a title=\"Homem recorre \u00e0 PSP no Funchal ap\u00f3s consumo de estupefacientes\" class=\"read-more button\" href=\"https:\/\/madeiraisland.news\/?p=1194434#more-1194434\" aria-label=\"Read more about Homem recorre \u00e0 PSP no Funchal ap\u00f3s consumo de estupefacientes\">Read more<\/a><\/p>\n","protected":false},"author":301,"featured_media":0,"comment_status":"open","ping_status":"","sticky":false,"template":"","format":"standard","meta":{"footnotes":""},"categories":[19],"tags":[],"class_list":["post-1194434","post","type-post","status-publish","format-standard","hentry","category-madeira-island-news","infinite-scroll-item","masonry-post","generate-columns","tablet-grid-50","mobile-grid-100","grid-parent","grid-33"],"_links":{"self":[{"href":"https:\/\/madeiraisland.news\/index.php?rest_route=\/wp\/v2\/posts\/1194434","targetHints":{"allow":["GET"]}}],"collection":[{"href":"https:\/\/madeiraisland.news\/index.php?rest_route=\/wp\/v2\/posts"}],"about":[{"href":"https:\/\/madeiraisland.news\/index.php?rest_route=\/wp\/v2\/types\/post"}],"author":[{"embeddable":true,"href":"https:\/\/madeiraisland.news\/index.php?rest_route=\/wp\/v2\/users\/301"}],"replies":[{"embeddable":true,"href":"https:\/\/madeiraisland.news\/index.php?rest_route=%2Fwp%2Fv2%2Fcomments&post=1194434"}],"version-history":[{"count":1,"href":"https:\/\/madeiraisland.news\/index.php?rest_route=\/wp\/v2\/posts\/1194434\/revisions"}],"predecessor-version":[{"id":1194435,"href":"https:\/\/madeiraisland.news\/index.php?rest_route=\/wp\/v2\/posts\/1194434\/revisions\/1194435"}],"wp:attachment":[{"href":"https:\/\/madeiraisland.news\/index.php?rest_route=%2Fwp%2Fv2%2Fmedia&parent=1194434"}],"wp:term":[{"taxonomy":"category","embeddable":true,"href":"https:\/\/madeiraisland.news\/index.php?rest_route=%2Fwp%2Fv2%2Fcategories&post=1194434"},{"taxonomy":"post_tag","embeddable":true,"href":"https:\/\/madeiraisland.news\/index.php?rest_route=%2Fwp%2Fv2%2Ftags&post=1194434"}],"curies":[{"name":"wp","href":"https:\/\/api.w.org\/{rel}","templated":true}]}}