{"id":1194432,"date":"2026-04-26T07:33:10","date_gmt":"2026-04-26T07:33:10","guid":{"rendered":"https:\/\/madeiraisland.news\/?p=1194432"},"modified":"2026-04-26T07:40:31","modified_gmt":"2026-04-26T07:40:31","slug":"trump-alvo-de-teantativa-de-assassinato-no-jantar-dos-correspondentes-da-casa-branca","status":"publish","type":"post","link":"https:\/\/madeiraisland.news\/?p=1194432","title":{"rendered":"Trump alvo de teantativa de assassinato no jantar dos correspondentes da Casa Branca"},"content":{"rendered":"<p>O presidente norte-americano, Donald Trump, e a primeira-dama Melania Trump foram retirados esta noite do tradicional jantar de Correspondentes da Casa Branca, em Washington, por agentes do Servi\u00e7o Secreto depois de um homem ter disparado contra a equipa de seguran\u00e7a nas proximidades. O atirador foi detido, mas ainda n\u00e3o s\u00e3o conhecidos os motivos do alegado [\u2026]<\/p>\n","protected":false},"excerpt":{"rendered":"<p>O presidente norte-americano, Donald Trump, e a primeira-dama Melania Trump foram retirados esta noite do tradicional jantar de Correspondentes da &#8230; <\/p>\n<p class=\"read-more-container\"><a title=\"Trump alvo de teantativa de assassinato no jantar dos correspondentes da Casa Branca\" class=\"read-more button\" href=\"https:\/\/madeiraisland.news\/?p=1194432#more-1194432\" aria-label=\"Read more about Trump alvo de teantativa de assassinato no jantar dos correspondentes da Casa Branca\">Read more<\/a><\/p>\n","protected":false},"author":259,"featured_media":0,"comment_status":"open","ping_status":"","sticky":false,"template":"","format":"standard","meta":{"footnotes":""},"categories":[19],"tags":[],"class_list":["post-1194432","post","type-post","status-publish","format-standard","hentry","category-madeira-island-news","infinite-scroll-item","masonry-post","generate-columns","tablet-grid-50","mobile-grid-100","grid-parent","grid-33"],"_links":{"self":[{"href":"https:\/\/madeiraisland.news\/index.php?rest_route=\/wp\/v2\/posts\/1194432","targetHints":{"allow":["GET"]}}],"collection":[{"href":"https:\/\/madeiraisland.news\/index.php?rest_route=\/wp\/v2\/posts"}],"about":[{"href":"https:\/\/madeiraisland.news\/index.php?rest_route=\/wp\/v2\/types\/post"}],"author":[{"embeddable":true,"href":"https:\/\/madeiraisland.news\/index.php?rest_route=\/wp\/v2\/users\/259"}],"replies":[{"embeddable":true,"href":"https:\/\/madeiraisland.news\/index.php?rest_route=%2Fwp%2Fv2%2Fcomments&post=1194432"}],"version-history":[{"count":1,"href":"https:\/\/madeiraisland.news\/index.php?rest_route=\/wp\/v2\/posts\/1194432\/revisions"}],"predecessor-version":[{"id":1194433,"href":"https:\/\/madeiraisland.news\/index.php?rest_route=\/wp\/v2\/posts\/1194432\/revisions\/1194433"}],"wp:attachment":[{"href":"https:\/\/madeiraisland.news\/index.php?rest_route=%2Fwp%2Fv2%2Fmedia&parent=1194432"}],"wp:term":[{"taxonomy":"category","embeddable":true,"href":"https:\/\/madeiraisland.news\/index.php?rest_route=%2Fwp%2Fv2%2Fcategories&post=1194432"},{"taxonomy":"post_tag","embeddable":true,"href":"https:\/\/madeiraisland.news\/index.php?rest_route=%2Fwp%2Fv2%2Ftags&post=1194432"}],"curies":[{"name":"wp","href":"https:\/\/api.w.org\/{rel}","templated":true}]}}