{"id":1194427,"date":"2026-04-25T22:30:00","date_gmt":"2026-04-25T22:30:00","guid":{"rendered":"https:\/\/madeiraisland.news\/?p=1194427"},"modified":"2026-04-25T22:36:58","modified_gmt":"2026-04-25T22:36:58","slug":"tribunal-constitucional-anula-expulsao-de-daniel-adriao-que-tinha-sido-decidida-pelo-ps","status":"publish","type":"post","link":"https:\/\/madeiraisland.news\/?p=1194427","title":{"rendered":"Tribunal Constitucional anula expuls\u00e3o de Daniel Adri\u00e3o que tinha sido decidida pelo PS"},"content":{"rendered":"<p>O Tribunal Constitucional decidiu anular a expuls\u00e3o do PS do antigo candidato \u00e0 lideran\u00e7a socialista Daniel Adri\u00e3o, uma decis\u00e3o que impugnou junto deste tribunal, tendo j\u00e1 pedido ao secret\u00e1rio-geral do partido a sua readmiss\u00e3o.<br \/>\n&#8220;Ap\u00f3s uma longa e exigente batalha pela defesa da minha honra, dos meus direitos e dos princ\u00edpios democr\u00e1ticos em que sempre acreditei, o Tribunal Constitucional decidiu, de forma inequ\u00edvoca, anular a minha expuls\u00e3o do Partido Socialista. Esta decis\u00e3o n\u00e3o deixa margem par<\/p>\n","protected":false},"excerpt":{"rendered":"<p>O Tribunal Constitucional decidiu anular a expuls\u00e3o do PS do antigo candidato \u00e0 lideran\u00e7a socialista Daniel Adri\u00e3o, uma decis\u00e3o que impugnou junto deste tribunal, tendo j\u00e1 pedido ao secret\u00e1rio-geral do partido a sua readmiss\u00e3o. &#8220;Ap\u00f3s<\/p>\n","protected":false},"author":5,"featured_media":0,"comment_status":"open","ping_status":"","sticky":false,"template":"","format":"standard","meta":{"footnotes":""},"categories":[19],"tags":[],"class_list":["post-1194427","post","type-post","status-publish","format-standard","hentry","category-madeira-island-news","infinite-scroll-item","masonry-post","generate-columns","tablet-grid-50","mobile-grid-100","grid-parent","grid-33"],"_links":{"self":[{"href":"https:\/\/madeiraisland.news\/index.php?rest_route=\/wp\/v2\/posts\/1194427","targetHints":{"allow":["GET"]}}],"collection":[{"href":"https:\/\/madeiraisland.news\/index.php?rest_route=\/wp\/v2\/posts"}],"about":[{"href":"https:\/\/madeiraisland.news\/index.php?rest_route=\/wp\/v2\/types\/post"}],"author":[{"embeddable":true,"href":"https:\/\/madeiraisland.news\/index.php?rest_route=\/wp\/v2\/users\/5"}],"replies":[{"embeddable":true,"href":"https:\/\/madeiraisland.news\/index.php?rest_route=%2Fwp%2Fv2%2Fcomments&post=1194427"}],"version-history":[{"count":2,"href":"https:\/\/madeiraisland.news\/index.php?rest_route=\/wp\/v2\/posts\/1194427\/revisions"}],"predecessor-version":[{"id":1194429,"href":"https:\/\/madeiraisland.news\/index.php?rest_route=\/wp\/v2\/posts\/1194427\/revisions\/1194429"}],"wp:attachment":[{"href":"https:\/\/madeiraisland.news\/index.php?rest_route=%2Fwp%2Fv2%2Fmedia&parent=1194427"}],"wp:term":[{"taxonomy":"category","embeddable":true,"href":"https:\/\/madeiraisland.news\/index.php?rest_route=%2Fwp%2Fv2%2Fcategories&post=1194427"},{"taxonomy":"post_tag","embeddable":true,"href":"https:\/\/madeiraisland.news\/index.php?rest_route=%2Fwp%2Fv2%2Ftags&post=1194427"}],"curies":[{"name":"wp","href":"https:\/\/api.w.org\/{rel}","templated":true}]}}