{"id":1194421,"date":"2026-04-25T21:27:10","date_gmt":"2026-04-25T21:27:10","guid":{"rendered":"https:\/\/madeiraisland.news\/?p=1194421"},"modified":"2026-04-25T21:47:41","modified_gmt":"2026-04-25T21:47:41","slug":"sismo-de-magnitude-26-na-escala-de-richter-sentido-na-ilha-terceira","status":"publish","type":"post","link":"https:\/\/madeiraisland.news\/?p=1194421","title":{"rendered":"Sismo de magnitude 2,6 na escala de Richter sentido na ilha Terceira"},"content":{"rendered":"<p>Um novo sismo, de magnitude 2,6 na escala de Richter, foi sentido hoje na ilha Terceira, nos A\u00e7ores, informou o Centro de Informa\u00e7\u00e3o e Vigil\u00e2ncia Sismovulc\u00e2nica dos A\u00e7ores (Civisa).<br \/>\nSegundo o Civisa o abalo foi registado \u00e0s 18:39 locais (19:39 em Lisboa) e teve epicentro a cerca de 12 quil\u00f3metros a leste-nordeste de Cabo da Praia.<br \/>\n&#8220;De acordo com a informa\u00e7\u00e3o dispon\u00edvel at\u00e9 ao momento o sismo foi sentido com intensidade m\u00e1xima III (escala de Mercalli Modificada) em S\u00e3o Sebasti\u00e3o (concelho de Angr<\/p>\n","protected":false},"excerpt":{"rendered":"<p>Um novo sismo, de magnitude 2,6 na escala de Richter, foi sentido hoje na ilha Terceira, nos A\u00e7ores, informou o Centro de Informa\u00e7\u00e3o e Vigil\u00e2ncia Sismovulc\u00e2nica dos A\u00e7ores (Civisa). Segundo o Civisa o abalo foi<\/p>\n","protected":false},"author":5,"featured_media":0,"comment_status":"open","ping_status":"","sticky":false,"template":"","format":"standard","meta":{"footnotes":""},"categories":[19],"tags":[],"class_list":["post-1194421","post","type-post","status-publish","format-standard","hentry","category-madeira-island-news","infinite-scroll-item","masonry-post","generate-columns","tablet-grid-50","mobile-grid-100","grid-parent","grid-33"],"_links":{"self":[{"href":"https:\/\/madeiraisland.news\/index.php?rest_route=\/wp\/v2\/posts\/1194421","targetHints":{"allow":["GET"]}}],"collection":[{"href":"https:\/\/madeiraisland.news\/index.php?rest_route=\/wp\/v2\/posts"}],"about":[{"href":"https:\/\/madeiraisland.news\/index.php?rest_route=\/wp\/v2\/types\/post"}],"author":[{"embeddable":true,"href":"https:\/\/madeiraisland.news\/index.php?rest_route=\/wp\/v2\/users\/5"}],"replies":[{"embeddable":true,"href":"https:\/\/madeiraisland.news\/index.php?rest_route=%2Fwp%2Fv2%2Fcomments&post=1194421"}],"version-history":[{"count":2,"href":"https:\/\/madeiraisland.news\/index.php?rest_route=\/wp\/v2\/posts\/1194421\/revisions"}],"predecessor-version":[{"id":1194423,"href":"https:\/\/madeiraisland.news\/index.php?rest_route=\/wp\/v2\/posts\/1194421\/revisions\/1194423"}],"wp:attachment":[{"href":"https:\/\/madeiraisland.news\/index.php?rest_route=%2Fwp%2Fv2%2Fmedia&parent=1194421"}],"wp:term":[{"taxonomy":"category","embeddable":true,"href":"https:\/\/madeiraisland.news\/index.php?rest_route=%2Fwp%2Fv2%2Fcategories&post=1194421"},{"taxonomy":"post_tag","embeddable":true,"href":"https:\/\/madeiraisland.news\/index.php?rest_route=%2Fwp%2Fv2%2Ftags&post=1194421"}],"curies":[{"name":"wp","href":"https:\/\/api.w.org\/{rel}","templated":true}]}}