{"id":1194418,"date":"2026-04-25T18:48:55","date_gmt":"2026-04-25T18:48:55","guid":{"rendered":"https:\/\/madeiraisland.news\/?p=1194418"},"modified":"2026-04-25T18:55:15","modified_gmt":"2026-04-25T18:55:15","slug":"esquerda-e-pan-criticam-prioridades-do-governo-e-il-elogia-discurso-de-aguiar-branco","status":"publish","type":"post","link":"https:\/\/madeiraisland.news\/?p=1194418","title":{"rendered":"Esquerda e PAN criticam prioridades do Governo e IL elogia discurso de Aguiar-Branco"},"content":{"rendered":"<p>Livre, PCP, BE e PAN criticaram hoje prioridades do Governo, sobretudo o pacote laboral, e a IL elogiou o discurso do presidente do parlamento, numa descida da Avenida da Liberdade em que a juventude foi mencionada pelos l\u00edderes partid\u00e1rios.<br \/>\n\u00c0 margem da tradicional marcha na Avenida da Liberdade, em Lisboa, para celebrar a Revolu\u00e7\u00e3o dos Cravos, o porta-voz do Livre Rui Tavares acusou o executivo de ser de uma &#8220;direita muito radicalizada&#8221;, apesar de uma &#8220;falsa modera\u00e7\u00e3o&#8221; na interven\u00e7\u00e3o do l\u00edder p<\/p>\n","protected":false},"excerpt":{"rendered":"<p>Livre, PCP, BE e PAN criticaram hoje prioridades do Governo, sobretudo o pacote laboral, e a IL elogiou o discurso do presidente do parlamento, numa descida da Avenida da Liberdade em que a juventude foi<\/p>\n","protected":false},"author":5,"featured_media":0,"comment_status":"open","ping_status":"","sticky":false,"template":"","format":"standard","meta":{"footnotes":""},"categories":[19],"tags":[],"class_list":["post-1194418","post","type-post","status-publish","format-standard","hentry","category-madeira-island-news","infinite-scroll-item","masonry-post","generate-columns","tablet-grid-50","mobile-grid-100","grid-parent","grid-33"],"_links":{"self":[{"href":"https:\/\/madeiraisland.news\/index.php?rest_route=\/wp\/v2\/posts\/1194418","targetHints":{"allow":["GET"]}}],"collection":[{"href":"https:\/\/madeiraisland.news\/index.php?rest_route=\/wp\/v2\/posts"}],"about":[{"href":"https:\/\/madeiraisland.news\/index.php?rest_route=\/wp\/v2\/types\/post"}],"author":[{"embeddable":true,"href":"https:\/\/madeiraisland.news\/index.php?rest_route=\/wp\/v2\/users\/5"}],"replies":[{"embeddable":true,"href":"https:\/\/madeiraisland.news\/index.php?rest_route=%2Fwp%2Fv2%2Fcomments&post=1194418"}],"version-history":[{"count":2,"href":"https:\/\/madeiraisland.news\/index.php?rest_route=\/wp\/v2\/posts\/1194418\/revisions"}],"predecessor-version":[{"id":1194420,"href":"https:\/\/madeiraisland.news\/index.php?rest_route=\/wp\/v2\/posts\/1194418\/revisions\/1194420"}],"wp:attachment":[{"href":"https:\/\/madeiraisland.news\/index.php?rest_route=%2Fwp%2Fv2%2Fmedia&parent=1194418"}],"wp:term":[{"taxonomy":"category","embeddable":true,"href":"https:\/\/madeiraisland.news\/index.php?rest_route=%2Fwp%2Fv2%2Fcategories&post=1194418"},{"taxonomy":"post_tag","embeddable":true,"href":"https:\/\/madeiraisland.news\/index.php?rest_route=%2Fwp%2Fv2%2Ftags&post=1194418"}],"curies":[{"name":"wp","href":"https:\/\/api.w.org\/{rel}","templated":true}]}}