{"id":1194413,"date":"2026-04-25T17:37:18","date_gmt":"2026-04-25T17:37:18","guid":{"rendered":"https:\/\/madeiraisland.news\/?p=1194413"},"modified":"2026-04-25T17:41:27","modified_gmt":"2026-04-25T17:41:27","slug":"rui-tavares-acusa-andre-ventura-de-citar-adolf-hitler-e-mito-nazi-na-sessao-solene","status":"publish","type":"post","link":"https:\/\/madeiraisland.news\/?p=1194413","title":{"rendered":"Rui Tavares acusa Andr\u00e9 Ventura de citar Adolf Hitler e mito nazi na sess\u00e3o solene"},"content":{"rendered":"<p>O porta-voz do Livre Rui Tavares acusou hoje o presidente do Chega de ter citado Adolf Hitler e um mito nazi no discurso da sess\u00e3o solene do 25 de Abril quando repetiu diversas vezes a express\u00e3o &#8220;apunhalado pelas costas&#8221;.<br \/>\nEm declara\u00e7\u00f5es aos jornalistas durante a tradicional descida da Avenida da Liberdade, em Lisboa, para celebrar a Revolu\u00e7\u00e3o dos Cravos, Rui Tavares afirmou que Ventura, na sess\u00e3o solene comemorativa do 25 de Abril, no parlamento, repetiu &#8220;quatro ou cinco vezes uma frase de Hitle<\/p>\n","protected":false},"excerpt":{"rendered":"<p>O porta-voz do Livre Rui Tavares acusou hoje o presidente do Chega de ter citado Adolf Hitler e um mito nazi no discurso da sess\u00e3o solene do 25 de Abril quando repetiu diversas vezes a<\/p>\n","protected":false},"author":5,"featured_media":0,"comment_status":"open","ping_status":"","sticky":false,"template":"","format":"standard","meta":{"footnotes":""},"categories":[19],"tags":[],"class_list":["post-1194413","post","type-post","status-publish","format-standard","hentry","category-madeira-island-news","infinite-scroll-item","masonry-post","generate-columns","tablet-grid-50","mobile-grid-100","grid-parent","grid-33"],"_links":{"self":[{"href":"https:\/\/madeiraisland.news\/index.php?rest_route=\/wp\/v2\/posts\/1194413","targetHints":{"allow":["GET"]}}],"collection":[{"href":"https:\/\/madeiraisland.news\/index.php?rest_route=\/wp\/v2\/posts"}],"about":[{"href":"https:\/\/madeiraisland.news\/index.php?rest_route=\/wp\/v2\/types\/post"}],"author":[{"embeddable":true,"href":"https:\/\/madeiraisland.news\/index.php?rest_route=\/wp\/v2\/users\/5"}],"replies":[{"embeddable":true,"href":"https:\/\/madeiraisland.news\/index.php?rest_route=%2Fwp%2Fv2%2Fcomments&post=1194413"}],"version-history":[{"count":2,"href":"https:\/\/madeiraisland.news\/index.php?rest_route=\/wp\/v2\/posts\/1194413\/revisions"}],"predecessor-version":[{"id":1194415,"href":"https:\/\/madeiraisland.news\/index.php?rest_route=\/wp\/v2\/posts\/1194413\/revisions\/1194415"}],"wp:attachment":[{"href":"https:\/\/madeiraisland.news\/index.php?rest_route=%2Fwp%2Fv2%2Fmedia&parent=1194413"}],"wp:term":[{"taxonomy":"category","embeddable":true,"href":"https:\/\/madeiraisland.news\/index.php?rest_route=%2Fwp%2Fv2%2Fcategories&post=1194413"},{"taxonomy":"post_tag","embeddable":true,"href":"https:\/\/madeiraisland.news\/index.php?rest_route=%2Fwp%2Fv2%2Ftags&post=1194413"}],"curies":[{"name":"wp","href":"https:\/\/api.w.org\/{rel}","templated":true}]}}