{"id":1194410,"date":"2026-04-25T17:09:00","date_gmt":"2026-04-25T17:09:00","guid":{"rendered":"https:\/\/madeiraisland.news\/?p=1194410"},"modified":"2026-04-25T17:14:52","modified_gmt":"2026-04-25T17:14:52","slug":"aguiar-branco-visitem-o-parlamento-ao-longo-do-ano-e-tragam-amigos","status":"publish","type":"post","link":"https:\/\/madeiraisland.news\/?p=1194410","title":{"rendered":"Aguiar-Branco: Visitem o parlamento ao longo do ano e tragam amigos"},"content":{"rendered":"<p>O presidente da Assembleia da Rep\u00fablica pediu aos cidad\u00e3os que est\u00e3o hoje a visitar o parlamento que o fa\u00e7am tamb\u00e9m ao longo do ano e que tragam consigo amigos, porque &#8220;a Casa da Democracia&#8221; \u00e9 de todos.<br \/>\nEste apelo foi feito por Jos\u00e9 Pedro Aguiar-Branco logo ap\u00f3s ter aberto a porta principal do parlamento aos cidad\u00e3os, pelas 14:30 &#8211; hora em que tamb\u00e9m come\u00e7aram na Assembleia da Rep\u00fablica um amplo conjunto de iniciativas, desde a dan\u00e7a \u00e0 pintura, passando por v\u00e1rias exposi\u00e7\u00f5es tem\u00e1ticas, para assi<\/p>\n","protected":false},"excerpt":{"rendered":"<p>O presidente da Assembleia da Rep\u00fablica pediu aos cidad\u00e3os que est\u00e3o hoje a visitar o parlamento que o fa\u00e7am tamb\u00e9m ao longo do ano e que tragam consigo amigos, porque &#8220;a Casa da Democracia&#8221; \u00e9<\/p>\n","protected":false},"author":5,"featured_media":0,"comment_status":"open","ping_status":"","sticky":false,"template":"","format":"standard","meta":{"footnotes":""},"categories":[19],"tags":[],"class_list":["post-1194410","post","type-post","status-publish","format-standard","hentry","category-madeira-island-news","infinite-scroll-item","masonry-post","generate-columns","tablet-grid-50","mobile-grid-100","grid-parent","grid-33"],"_links":{"self":[{"href":"https:\/\/madeiraisland.news\/index.php?rest_route=\/wp\/v2\/posts\/1194410","targetHints":{"allow":["GET"]}}],"collection":[{"href":"https:\/\/madeiraisland.news\/index.php?rest_route=\/wp\/v2\/posts"}],"about":[{"href":"https:\/\/madeiraisland.news\/index.php?rest_route=\/wp\/v2\/types\/post"}],"author":[{"embeddable":true,"href":"https:\/\/madeiraisland.news\/index.php?rest_route=\/wp\/v2\/users\/5"}],"replies":[{"embeddable":true,"href":"https:\/\/madeiraisland.news\/index.php?rest_route=%2Fwp%2Fv2%2Fcomments&post=1194410"}],"version-history":[{"count":2,"href":"https:\/\/madeiraisland.news\/index.php?rest_route=\/wp\/v2\/posts\/1194410\/revisions"}],"predecessor-version":[{"id":1194412,"href":"https:\/\/madeiraisland.news\/index.php?rest_route=\/wp\/v2\/posts\/1194410\/revisions\/1194412"}],"wp:attachment":[{"href":"https:\/\/madeiraisland.news\/index.php?rest_route=%2Fwp%2Fv2%2Fmedia&parent=1194410"}],"wp:term":[{"taxonomy":"category","embeddable":true,"href":"https:\/\/madeiraisland.news\/index.php?rest_route=%2Fwp%2Fv2%2Fcategories&post=1194410"},{"taxonomy":"post_tag","embeddable":true,"href":"https:\/\/madeiraisland.news\/index.php?rest_route=%2Fwp%2Fv2%2Ftags&post=1194410"}],"curies":[{"name":"wp","href":"https:\/\/api.w.org\/{rel}","templated":true}]}}