{"id":1194408,"date":"2026-04-25T16:42:53","date_gmt":"2026-04-25T16:42:53","guid":{"rendered":"https:\/\/madeiraisland.news\/?p=1194408"},"modified":"2026-04-25T16:52:12","modified_gmt":"2026-04-25T16:52:12","slug":"igreja-da-assomada-recebe-apresentacao-do-novo-orgao-de-tubos-uma-catedral-de-sonoridade-em-santa-cruz","status":"publish","type":"post","link":"https:\/\/madeiraisland.news\/?p=1194408","title":{"rendered":"Igreja da Assomada recebe apresenta\u00e7\u00e3o do novo \u00d3rg\u00e3o de Tubos: uma \u201cCatedral\u201d de Sonoridade em Santa Cruz"},"content":{"rendered":"<p>O interior da Igreja da Assomada foi ontem o palco da apresenta\u00e7\u00e3o p\u00fablica do ambicioso projeto do seu novo \u00f3rg\u00e3o de tubos. O evento, marcado por um ambiente de entusiasmo cultural e religioso, contou com a presen\u00e7a de altas individualidades locais e mecenas, sublinhando a import\u00e2ncia do instrumento para o patrim\u00f3nio da freguesia e do [\u2026]<\/p>\n","protected":false},"excerpt":{"rendered":"<p>O interior da Igreja da Assomada foi ontem o palco da apresenta\u00e7\u00e3o p\u00fablica do ambicioso projeto do seu novo \u00f3rg\u00e3o &#8230; <\/p>\n<p class=\"read-more-container\"><a title=\"Igreja da Assomada recebe apresenta\u00e7\u00e3o do novo \u00d3rg\u00e3o de Tubos: uma \u201cCatedral\u201d de Sonoridade em Santa Cruz\" class=\"read-more button\" href=\"https:\/\/madeiraisland.news\/?p=1194408#more-1194408\" aria-label=\"Read more about Igreja da Assomada recebe apresenta\u00e7\u00e3o do novo \u00d3rg\u00e3o de Tubos: uma \u201cCatedral\u201d de Sonoridade em Santa Cruz\">Read more<\/a><\/p>\n","protected":false},"author":282,"featured_media":0,"comment_status":"open","ping_status":"","sticky":false,"template":"","format":"standard","meta":{"footnotes":""},"categories":[19],"tags":[],"class_list":["post-1194408","post","type-post","status-publish","format-standard","hentry","category-madeira-island-news","infinite-scroll-item","masonry-post","generate-columns","tablet-grid-50","mobile-grid-100","grid-parent","grid-33"],"_links":{"self":[{"href":"https:\/\/madeiraisland.news\/index.php?rest_route=\/wp\/v2\/posts\/1194408","targetHints":{"allow":["GET"]}}],"collection":[{"href":"https:\/\/madeiraisland.news\/index.php?rest_route=\/wp\/v2\/posts"}],"about":[{"href":"https:\/\/madeiraisland.news\/index.php?rest_route=\/wp\/v2\/types\/post"}],"author":[{"embeddable":true,"href":"https:\/\/madeiraisland.news\/index.php?rest_route=\/wp\/v2\/users\/282"}],"replies":[{"embeddable":true,"href":"https:\/\/madeiraisland.news\/index.php?rest_route=%2Fwp%2Fv2%2Fcomments&post=1194408"}],"version-history":[{"count":1,"href":"https:\/\/madeiraisland.news\/index.php?rest_route=\/wp\/v2\/posts\/1194408\/revisions"}],"predecessor-version":[{"id":1194409,"href":"https:\/\/madeiraisland.news\/index.php?rest_route=\/wp\/v2\/posts\/1194408\/revisions\/1194409"}],"wp:attachment":[{"href":"https:\/\/madeiraisland.news\/index.php?rest_route=%2Fwp%2Fv2%2Fmedia&parent=1194408"}],"wp:term":[{"taxonomy":"category","embeddable":true,"href":"https:\/\/madeiraisland.news\/index.php?rest_route=%2Fwp%2Fv2%2Fcategories&post=1194408"},{"taxonomy":"post_tag","embeddable":true,"href":"https:\/\/madeiraisland.news\/index.php?rest_route=%2Fwp%2Fv2%2Ftags&post=1194408"}],"curies":[{"name":"wp","href":"https:\/\/api.w.org\/{rel}","templated":true}]}}