{"id":1194403,"date":"2026-04-25T16:18:25","date_gmt":"2026-04-25T16:18:25","guid":{"rendered":"https:\/\/madeiraisland.news\/?p=1194403"},"modified":"2026-04-25T16:38:01","modified_gmt":"2026-04-25T16:38:01","slug":"morreu-carlos-salema-personalidade-destacada-das-telecomunicacoes","status":"publish","type":"post","link":"https:\/\/madeiraisland.news\/?p=1194403","title":{"rendered":"Morreu Carlos Salema, personalidade destacada das telecomunica\u00e7\u00f5es"},"content":{"rendered":"<p>Carlos Salema, antigo presidente da Academia das Ci\u00eancias de Lisboa, professor em\u00e9rito e figura destacada do setor das telecomunica\u00e7\u00f5es nacionais, morreu hoje, disse \u00e0 Lusa fonte pr\u00f3xima da fam\u00edlia. \u00a0<br \/>\nO professor faleceu esta manh\u00e3 de doen\u00e7a prolongada, segundo a mesma fonte.<br \/>\nNascido em 1942, em Ponta Delgada, Carlos Eduardo Rego da Costa Salema destacou-se pelo seu contributo para o setor das telecomunica\u00e7\u00f5es.<br \/>\n&#8220;Desenvolveu investiga\u00e7\u00e3o em antenas de microondas, com particular \u00eanfase nas antenas<\/p>\n","protected":false},"excerpt":{"rendered":"<p>Carlos Salema, antigo presidente da Academia das Ci\u00eancias de Lisboa, professor em\u00e9rito e figura destacada do setor das telecomunica\u00e7\u00f5es nacionais, morreu hoje, disse \u00e0 Lusa fonte pr\u00f3xima da fam\u00edlia. \u00a0 O professor faleceu esta manh\u00e3<\/p>\n","protected":false},"author":5,"featured_media":0,"comment_status":"open","ping_status":"","sticky":false,"template":"","format":"standard","meta":{"footnotes":""},"categories":[19],"tags":[],"class_list":["post-1194403","post","type-post","status-publish","format-standard","hentry","category-madeira-island-news","infinite-scroll-item","masonry-post","generate-columns","tablet-grid-50","mobile-grid-100","grid-parent","grid-33"],"_links":{"self":[{"href":"https:\/\/madeiraisland.news\/index.php?rest_route=\/wp\/v2\/posts\/1194403","targetHints":{"allow":["GET"]}}],"collection":[{"href":"https:\/\/madeiraisland.news\/index.php?rest_route=\/wp\/v2\/posts"}],"about":[{"href":"https:\/\/madeiraisland.news\/index.php?rest_route=\/wp\/v2\/types\/post"}],"author":[{"embeddable":true,"href":"https:\/\/madeiraisland.news\/index.php?rest_route=\/wp\/v2\/users\/5"}],"replies":[{"embeddable":true,"href":"https:\/\/madeiraisland.news\/index.php?rest_route=%2Fwp%2Fv2%2Fcomments&post=1194403"}],"version-history":[{"count":2,"href":"https:\/\/madeiraisland.news\/index.php?rest_route=\/wp\/v2\/posts\/1194403\/revisions"}],"predecessor-version":[{"id":1194405,"href":"https:\/\/madeiraisland.news\/index.php?rest_route=\/wp\/v2\/posts\/1194403\/revisions\/1194405"}],"wp:attachment":[{"href":"https:\/\/madeiraisland.news\/index.php?rest_route=%2Fwp%2Fv2%2Fmedia&parent=1194403"}],"wp:term":[{"taxonomy":"category","embeddable":true,"href":"https:\/\/madeiraisland.news\/index.php?rest_route=%2Fwp%2Fv2%2Fcategories&post=1194403"},{"taxonomy":"post_tag","embeddable":true,"href":"https:\/\/madeiraisland.news\/index.php?rest_route=%2Fwp%2Fv2%2Ftags&post=1194403"}],"curies":[{"name":"wp","href":"https:\/\/api.w.org\/{rel}","templated":true}]}}