{"id":1194313,"date":"2026-04-24T15:45:28","date_gmt":"2026-04-24T15:45:28","guid":{"rendered":"https:\/\/madeiraisland.news\/?p=1194313"},"modified":"2026-04-24T15:58:19","modified_gmt":"2026-04-24T15:58:19","slug":"funicular-da-graca-devera-reabrir-na-quinta-feira","status":"publish","type":"post","link":"https:\/\/madeiraisland.news\/?p=1194313","title":{"rendered":"Funicular da Gra\u00e7a dever\u00e1 reabrir na quinta-feira"},"content":{"rendered":"<p>A Carris, que gere o Funicular da Gra\u00e7a, em Lisboa, indicou hoje que a estrutura dever\u00e1 iniciar a opera\u00e7\u00e3o na quinta-feira, ao fim de mais de sete meses de paragem, na sequ\u00eancia do acidente com o elevador da Gl\u00f3ria.<br \/>\n&#8220;Informamos que est\u00e3o a ser ultimadas todas as dilig\u00eancias, para que a Carris inicie a opera\u00e7\u00e3o do Funicular da Gra\u00e7a no dia 30 de abril&#8221;, refere a empresa municipal numa nota enviada \u00e0 ag\u00eancia Lusa.<br \/>\nO funicular da Gra\u00e7a foi inaugurado h\u00e1 cerca de dois anos, em 12 de mar\u00e7o de 2024, 1<\/p>\n","protected":false},"excerpt":{"rendered":"<p>A Carris, que gere o Funicular da Gra\u00e7a, em Lisboa, indicou hoje que a estrutura dever\u00e1 iniciar a opera\u00e7\u00e3o na quinta-feira, ao fim de mais de sete meses de paragem, na sequ\u00eancia do acidente com<\/p>\n","protected":false},"author":5,"featured_media":0,"comment_status":"open","ping_status":"","sticky":false,"template":"","format":"standard","meta":{"footnotes":""},"categories":[19],"tags":[],"class_list":["post-1194313","post","type-post","status-publish","format-standard","hentry","category-madeira-island-news","infinite-scroll-item","masonry-post","generate-columns","tablet-grid-50","mobile-grid-100","grid-parent","grid-33"],"_links":{"self":[{"href":"https:\/\/madeiraisland.news\/index.php?rest_route=\/wp\/v2\/posts\/1194313","targetHints":{"allow":["GET"]}}],"collection":[{"href":"https:\/\/madeiraisland.news\/index.php?rest_route=\/wp\/v2\/posts"}],"about":[{"href":"https:\/\/madeiraisland.news\/index.php?rest_route=\/wp\/v2\/types\/post"}],"author":[{"embeddable":true,"href":"https:\/\/madeiraisland.news\/index.php?rest_route=\/wp\/v2\/users\/5"}],"replies":[{"embeddable":true,"href":"https:\/\/madeiraisland.news\/index.php?rest_route=%2Fwp%2Fv2%2Fcomments&post=1194313"}],"version-history":[{"count":2,"href":"https:\/\/madeiraisland.news\/index.php?rest_route=\/wp\/v2\/posts\/1194313\/revisions"}],"predecessor-version":[{"id":1194315,"href":"https:\/\/madeiraisland.news\/index.php?rest_route=\/wp\/v2\/posts\/1194313\/revisions\/1194315"}],"wp:attachment":[{"href":"https:\/\/madeiraisland.news\/index.php?rest_route=%2Fwp%2Fv2%2Fmedia&parent=1194313"}],"wp:term":[{"taxonomy":"category","embeddable":true,"href":"https:\/\/madeiraisland.news\/index.php?rest_route=%2Fwp%2Fv2%2Fcategories&post=1194313"},{"taxonomy":"post_tag","embeddable":true,"href":"https:\/\/madeiraisland.news\/index.php?rest_route=%2Fwp%2Fv2%2Ftags&post=1194313"}],"curies":[{"name":"wp","href":"https:\/\/api.w.org\/{rel}","templated":true}]}}