{"id":1194308,"date":"2026-04-24T15:06:32","date_gmt":"2026-04-24T15:06:32","guid":{"rendered":"https:\/\/madeiraisland.news\/?p=1194308"},"modified":"2026-04-24T15:17:06","modified_gmt":"2026-04-24T15:17:06","slug":"porto-santo-recebe-ate-2-de-maio-o-iv-festival-das-reservas-da-biosfera","status":"publish","type":"post","link":"https:\/\/madeiraisland.news\/?p=1194308","title":{"rendered":"Porto Santo recebe at\u00e9 2 de maio o IV Festival das Reservas da Biosfera"},"content":{"rendered":"<p>De 24 de abril a 2 de maio, a Ilha do Porto Santo recebe os gestores das Reservas da Biosfera de Portugal e os membros do Comit\u00e9 Nacional MaB, num encontro que refor\u00e7a a import\u00e2ncia destes territ\u00f3rios. Destaque para o f\u00f3rum no dia 29 de abril, no Centro Cultural de Congressos, aberto \u00e0 partilha de [\u2026]<\/p>\n","protected":false},"excerpt":{"rendered":"<p>De 24 de abril a 2 de maio, a Ilha do Porto Santo recebe os gestores das Reservas da Biosfera &#8230; <\/p>\n<p class=\"read-more-container\"><a title=\"Porto Santo recebe at\u00e9 2 de maio o IV Festival das Reservas da Biosfera\" class=\"read-more button\" href=\"https:\/\/madeiraisland.news\/?p=1194308#more-1194308\" aria-label=\"Read more about Porto Santo recebe at\u00e9 2 de maio o IV Festival das Reservas da Biosfera\">Read more<\/a><\/p>\n","protected":false},"author":259,"featured_media":0,"comment_status":"open","ping_status":"","sticky":false,"template":"","format":"standard","meta":{"footnotes":""},"categories":[19],"tags":[],"class_list":["post-1194308","post","type-post","status-publish","format-standard","hentry","category-madeira-island-news","infinite-scroll-item","masonry-post","generate-columns","tablet-grid-50","mobile-grid-100","grid-parent","grid-33"],"_links":{"self":[{"href":"https:\/\/madeiraisland.news\/index.php?rest_route=\/wp\/v2\/posts\/1194308","targetHints":{"allow":["GET"]}}],"collection":[{"href":"https:\/\/madeiraisland.news\/index.php?rest_route=\/wp\/v2\/posts"}],"about":[{"href":"https:\/\/madeiraisland.news\/index.php?rest_route=\/wp\/v2\/types\/post"}],"author":[{"embeddable":true,"href":"https:\/\/madeiraisland.news\/index.php?rest_route=\/wp\/v2\/users\/259"}],"replies":[{"embeddable":true,"href":"https:\/\/madeiraisland.news\/index.php?rest_route=%2Fwp%2Fv2%2Fcomments&post=1194308"}],"version-history":[{"count":1,"href":"https:\/\/madeiraisland.news\/index.php?rest_route=\/wp\/v2\/posts\/1194308\/revisions"}],"predecessor-version":[{"id":1194309,"href":"https:\/\/madeiraisland.news\/index.php?rest_route=\/wp\/v2\/posts\/1194308\/revisions\/1194309"}],"wp:attachment":[{"href":"https:\/\/madeiraisland.news\/index.php?rest_route=%2Fwp%2Fv2%2Fmedia&parent=1194308"}],"wp:term":[{"taxonomy":"category","embeddable":true,"href":"https:\/\/madeiraisland.news\/index.php?rest_route=%2Fwp%2Fv2%2Fcategories&post=1194308"},{"taxonomy":"post_tag","embeddable":true,"href":"https:\/\/madeiraisland.news\/index.php?rest_route=%2Fwp%2Fv2%2Ftags&post=1194308"}],"curies":[{"name":"wp","href":"https:\/\/api.w.org\/{rel}","templated":true}]}}