{"id":1,"date":"2016-01-01T09:44:25","date_gmt":"2016-01-01T09:44:25","guid":{"rendered":"http:\/\/madeiraisland.news\/?p=1"},"modified":"2021-10-10T17:40:00","modified_gmt":"2021-10-10T17:40:00","slug":"madeira-island-news","status":"publish","type":"post","link":"https:\/\/madeiraisland.news\/?p=1","title":{"rendered":"madeira island news"},"content":{"rendered":"\n<div class=\"wp-block-group\"><div class=\"wp-block-group__inner-container is-layout-flow wp-block-group-is-layout-flow\">\n<div class=\"wp-block-image is-style-default\"><figure class=\"alignright size-thumbnail\"><img decoding=\"async\" width=\"150\" height=\"150\" data-src=\"https:\/\/madeiraisland.news\/wp-content\/uploads\/2020\/12\/cropped-Madeira-flag-150x150.jpg\" alt=\"\" class=\"wp-image-102697 lazyload\" data-srcset=\"https:\/\/madeiraisland.news\/wp-content\/uploads\/2020\/12\/cropped-Madeira-flag-150x150.jpg 150w, https:\/\/madeiraisland.news\/wp-content\/uploads\/2020\/12\/cropped-Madeira-flag-300x300.jpg 300w, https:\/\/madeiraisland.news\/wp-content\/uploads\/2020\/12\/cropped-Madeira-flag-144x144.jpg 144w, https:\/\/madeiraisland.news\/wp-content\/uploads\/2020\/12\/cropped-Madeira-flag-400x400.jpg 400w, https:\/\/madeiraisland.news\/wp-content\/uploads\/2020\/12\/cropped-Madeira-flag-270x270.jpg 270w, https:\/\/madeiraisland.news\/wp-content\/uploads\/2020\/12\/cropped-Madeira-flag-192x192.jpg 192w, https:\/\/madeiraisland.news\/wp-content\/uploads\/2020\/12\/cropped-Madeira-flag-180x180.jpg 180w, https:\/\/madeiraisland.news\/wp-content\/uploads\/2020\/12\/cropped-Madeira-flag-32x32.jpg 32w, https:\/\/madeiraisland.news\/wp-content\/uploads\/2020\/12\/cropped-Madeira-flag.jpg 512w\" data-sizes=\"(max-width: 150px) 100vw, 150px\" src=\"data:image\/svg+xml;base64,PHN2ZyB3aWR0aD0iMSIgaGVpZ2h0PSIxIiB4bWxucz0iaHR0cDovL3d3dy53My5vcmcvMjAwMC9zdmciPjwvc3ZnPg==\" style=\"--smush-placeholder-width: 150px; --smush-placeholder-aspect-ratio: 150\/150;\" \/><\/figure><\/div>\n\n\n\n<p class=\"wp-block-paragraph\">Welcome to Madeira Island News. The most up-to-date and comprehensive source of news from Madeira Island, updated real-time, immediately news items are posted on any Madeira-related website.<\/p>\n\n\n\n<p class=\"wp-block-paragraph\">There is a button for translation at the bottom of the page if this does not happen automatically. The page may need to be refreshed occasionally to pick up the latest reports.<\/p>\n\n\n\n<div class=\"wpra-shortcode-copy__content\"><div class=\"wp-rss-template-container\" data-wpra-template=\"default-copy\" data-template-ctx=\"eyJ0ZW1wbGF0ZSI6ImRlZmF1bHQtY29weSIsIml0ZW1zIjp7fX0=\">\n    <div class=\"wp-rss-aggregator wpra-et-template  \" data-page=\"1\">\n    \n    \n<ul\n    class=\"rss-aggregator wpra-et-legacy wpra-item-et wpra-item-et--bullets wpra-item-et--default\"\n    start=\"1\"\n>\n                        <li class=\"feed-item \">\n    \n            \n        <a href=\"https:\/\/madeiraisland.news\/?post_type=post&amp;p=1208725\" target=\"_blank\" rel=\"nofollow\" class=\"\">Cabo submarino entre Portugal e Marrocos s\u00f3 com financiamento privado ou da UE<\/a>\n\n    <div class=\"thumbnail-excerpt wprss-feed-thumbnail\">\n                                \n            \n                                            \n                    <div class=\"thumbnail-excerpt wprss-feed-excerpt\">\n                \n                A constru\u00e7\u00e3o de um cabo el\u00e9trico submarino entre Portugal e Marrocos \u00e9 uma possibilidade, mas s\u00f3 avan\u00e7ar\u00e1 com financiamento de privados ou da Uni\u00e3o Europeia, garantiu hoje a ministra do...\n                                    <a href=\"https:\/\/madeiraisland.news\/?post_type=post&amp;p=1208725\" target=\"_blank\" rel=\"nofollow\" class=\"\">Read more<\/a>\n                            <\/div>\n            <\/div>\n\n    \n    \n\n    <div class=\"wprss-feed-meta\">\n                    <span class=\"feed-source\">\n                Source:\n                Pais\n            <\/span>\n        \n                                                                        \n                    <span class=\"time-ago\">\n                Published on 35 minutes ago\n            <\/span>\n        \n            <\/div>\n<\/li>\n\n                    <li class=\"feed-item \">\n    \n            \n        <a href=\"https:\/\/madeiraisland.news\/?post_type=post&amp;p=1208722\" target=\"_blank\" rel=\"nofollow\" class=\"\">Melhoria de 'rating' da Fitch coloca Portugal ao n\u00edvel de Fran\u00e7a e B\u00e9lgica<\/a>\n\n    <div class=\"thumbnail-excerpt wprss-feed-thumbnail\">\n                                \n            \n                                            \n                    <div class=\"thumbnail-excerpt wprss-feed-excerpt\">\n                \n                A melhoria do &#039;rating&#039; de Portugal pela ag\u00eancia Fitch, para &#039;A+&#039;, coloca o pa\u00eds ao n\u00edvel de Fran\u00e7a e B\u00e9lgica, demonstrando ainda a &quot;confian\u00e7a dos investidores internacionais&quot;, disse o Minist\u00e9rio...\n                                    <a href=\"https:\/\/madeiraisland.news\/?post_type=post&amp;p=1208722\" target=\"_blank\" rel=\"nofollow\" class=\"\">Read more<\/a>\n                            <\/div>\n            <\/div>\n\n    \n    \n\n    <div class=\"wprss-feed-meta\">\n                    <span class=\"feed-source\">\n                Source:\n                Pais\n            <\/span>\n        \n                                                                        \n                    <span class=\"time-ago\">\n                Published on 1 hour ago\n            <\/span>\n        \n            <\/div>\n<\/li>\n\n                    <li class=\"feed-item \">\n    \n            \n        <a href=\"https:\/\/madeiraisland.news\/?post_type=post&amp;p=1208720\" target=\"_blank\" rel=\"nofollow\" class=\"\">1.\u00aa altera\u00e7\u00e3o ao Calend\u00e1rio Escolar do ano letivo 2026\/2027<\/a>\n\n    <div class=\"thumbnail-excerpt wprss-feed-thumbnail\">\n                                \n            \n                                            \n                    <div class=\"thumbnail-excerpt wprss-feed-excerpt\">\n                \n                AF! Despacho n.\u00ba 355\/2026 \u2013 Procede \u00e0 1.\u00aa altera\u00e7\u00e3o do Despacho n.\u00ba 198\/2026, de 5 de maio...\n                                    <a href=\"https:\/\/madeiraisland.news\/?post_type=post&amp;p=1208720\" target=\"_blank\" rel=\"nofollow\" class=\"\">Read more<\/a>\n                            <\/div>\n            <\/div>\n\n    \n    \n\n    <div class=\"wprss-feed-meta\">\n                    <span class=\"feed-source\">\n                Source:\n                Funchal Not\u00edcias\n            <\/span>\n        \n                                                                        \n                    <span class=\"time-ago\">\n                Published on 2 hours ago\n            <\/span>\n        \n            <\/div>\n<\/li>\n\n                    <li class=\"feed-item \">\n    \n            \n        <a href=\"https:\/\/madeiraisland.news\/?post_type=post&amp;p=1208717\" target=\"_blank\" rel=\"nofollow\" class=\"\">Fitch sobe 'rating' de Portugal para 'A+' com perspectiva est\u00e1vel<\/a>\n\n    <div class=\"thumbnail-excerpt wprss-feed-thumbnail\">\n                                \n            \n                                            \n                    <div class=\"thumbnail-excerpt wprss-feed-excerpt\">\n                \n                A Fitch subiu hoje o &#039;rating&#039; de Portugal de &#039;A&#039; para &#039;A+&#039;, com &#039;outlook&#039; (perspetiva) est\u00e1vel, adiantou a ag\u00eancia, numa nota divulgada no seu &#039;site&#039;. &quot;A Fitch Ratings reviu em...\n                                    <a href=\"https:\/\/madeiraisland.news\/?post_type=post&amp;p=1208717\" target=\"_blank\" rel=\"nofollow\" class=\"\">Read more<\/a>\n                            <\/div>\n            <\/div>\n\n    \n    \n\n    <div class=\"wprss-feed-meta\">\n                    <span class=\"feed-source\">\n                Source:\n                Pais\n            <\/span>\n        \n                                                                        \n                    <span class=\"time-ago\">\n                Published on 3 hours ago\n            <\/span>\n        \n            <\/div>\n<\/li>\n\n                    <li class=\"feed-item \">\n    \n            \n        <a href=\"https:\/\/madeiraisland.news\/?post_type=post&amp;p=1208715\" target=\"_blank\" rel=\"nofollow\" class=\"\">Ataque a acampamento de Queiroz em Mo\u00e7ambique deixa um morto e 2 000 deslocados<\/a>\n\n    <div class=\"thumbnail-excerpt wprss-feed-thumbnail\">\n                                \n            \n                                            \n                    <div class=\"thumbnail-excerpt wprss-feed-excerpt\">\n                \n                AF! Um ataque insurgente a um acampamento tur\u00edstico associado ao treinador de futebol Carlos Queiroz, na prov\u00edncia do Niassa, no norte de Mo\u00e7ambique, provocou pelo menos um morto e obrigou...\n                                    <a href=\"https:\/\/madeiraisland.news\/?post_type=post&amp;p=1208715\" target=\"_blank\" rel=\"nofollow\" class=\"\">Read more<\/a>\n                            <\/div>\n            <\/div>\n\n    \n    \n\n    <div class=\"wprss-feed-meta\">\n                    <span class=\"feed-source\">\n                Source:\n                Funchal Not\u00edcias\n            <\/span>\n        \n                                                                        \n                    <span class=\"time-ago\">\n                Published on 3 hours ago\n            <\/span>\n        \n            <\/div>\n<\/li>\n\n                    <li class=\"feed-item \">\n    \n            \n        <a href=\"https:\/\/madeiraisland.news\/?post_type=post&amp;p=1208713\" target=\"_blank\" rel=\"nofollow\" class=\"\">Publicidade: O fornecimento de energia ser\u00e1 interrompido nos dias horas e locais abaixo indicados \u2013 an\u00fancio 090 \u2013 2026<\/a>\n\n    <div class=\"thumbnail-excerpt wprss-feed-thumbnail\">\n                                \n            \n                                            \n                    <div class=\"thumbnail-excerpt wprss-feed-excerpt\">\n                \n                \u00a0\u00a0\u00a0\u00a0\u00a0\u00a0 A Empresa de Electricidade da Madeira, SA informa que, por motivo de trabalhos de conserva\u00e7\u00e3o\/remodela\u00e7\u00e3o na rede de distribui\u00e7\u00e3o, o fornecimento de energia ser\u00e1 interrompido, nos dias, horas e...\n                                    <a href=\"https:\/\/madeiraisland.news\/?post_type=post&amp;p=1208713\" target=\"_blank\" rel=\"nofollow\" class=\"\">Read more<\/a>\n                            <\/div>\n            <\/div>\n\n    \n    \n\n    <div class=\"wprss-feed-meta\">\n                    <span class=\"feed-source\">\n                Source:\n                Funchal Not\u00edcias\n            <\/span>\n        \n                                                                        \n                    <span class=\"time-ago\">\n                Published on 5 hours ago\n            <\/span>\n        \n            <\/div>\n<\/li>\n\n                    <li class=\"feed-item \">\n    \n            \n        <a href=\"https:\/\/madeiraisland.news\/?post_type=post&amp;p=1208710\" target=\"_blank\" rel=\"nofollow\" class=\"\">Confira a chave vencedora do Totobola Extra<\/a>\n\n    <div class=\"thumbnail-excerpt wprss-feed-thumbnail\">\n                                \n            \n                                            \n                    <div class=\"thumbnail-excerpt wprss-feed-excerpt\">\n                \n                Foram sorteados esta sexta-feira, 4 de Setembro, os n\u00fameros do sorteio n\u00ba 35\/2026 do Totobola Extra. A chave \u00e9 a seguinte:\u00a01X2 - 121 - 22X - 1221\u00a0e o Super 14...\n                                    <a href=\"https:\/\/madeiraisland.news\/?post_type=post&amp;p=1208710\" target=\"_blank\" rel=\"nofollow\" class=\"\">Read more<\/a>\n                            <\/div>\n            <\/div>\n\n    \n    \n\n    <div class=\"wprss-feed-meta\">\n                    <span class=\"feed-source\">\n                Source:\n                Pais\n            <\/span>\n        \n                                                                        \n                    <span class=\"time-ago\">\n                Published on 7 hours ago\n            <\/span>\n        \n            <\/div>\n<\/li>\n\n                    <li class=\"feed-item \">\n    \n            \n        <a href=\"https:\/\/madeiraisland.news\/?post_type=post&amp;p=1208707\" target=\"_blank\" rel=\"nofollow\" class=\"\">Jackpot no pr\u00f3ximo sorteio do Euromilh\u00f5es<\/a>\n\n    <div class=\"thumbnail-excerpt wprss-feed-thumbnail\">\n                                \n            \n                                            \n                    <div class=\"thumbnail-excerpt wprss-feed-excerpt\">\n                \n                Nenhum apostador acertou na chave premiada do sorteio de hoje do Euromilh\u00f5es.\u00a0 O conjunto era composto pelos n\u00fameros\u00a011 - 12 - 19 -27 - 46\u00a0e pelas estrelas\u00a04\u00a0e\u00a012.\u00a0\u00a0 No pr\u00f3ximo sorteio...\n                                    <a href=\"https:\/\/madeiraisland.news\/?post_type=post&amp;p=1208707\" target=\"_blank\" rel=\"nofollow\" class=\"\">Read more<\/a>\n                            <\/div>\n            <\/div>\n\n    \n    \n\n    <div class=\"wprss-feed-meta\">\n                    <span class=\"feed-source\">\n                Source:\n                Pais\n            <\/span>\n        \n                                                                        \n                    <span class=\"time-ago\">\n                Published on 8 hours ago\n            <\/span>\n        \n            <\/div>\n<\/li>\n\n                    <li class=\"feed-item \">\n    \n            \n        <a href=\"https:\/\/madeiraisland.news\/?post_type=post&amp;p=1208704\" target=\"_blank\" rel=\"nofollow\" class=\"\">Montenegro indica que desconto nos combust\u00edveis j\u00e1 ronda 700 ME<\/a>\n\n    <div class=\"thumbnail-excerpt wprss-feed-thumbnail\">\n                                \n            \n                                            \n                    <div class=\"thumbnail-excerpt wprss-feed-excerpt\">\n                \n                O primeiro-ministro indicou hoje que o desconto no imposto sobre os combust\u00edveis j\u00e1 soma &quot;cerca de 700 milh\u00f5es de euros&quot; em 2026 e admitiu novas medidas se os pre\u00e7os se...\n                                    <a href=\"https:\/\/madeiraisland.news\/?post_type=post&amp;p=1208704\" target=\"_blank\" rel=\"nofollow\" class=\"\">Read more<\/a>\n                            <\/div>\n            <\/div>\n\n    \n    \n\n    <div class=\"wprss-feed-meta\">\n                    <span class=\"feed-source\">\n                Source:\n                Pais\n            <\/span>\n        \n                                                                        \n                    <span class=\"time-ago\">\n                Published on 9 hours ago\n            <\/span>\n        \n            <\/div>\n<\/li>\n\n                    <li class=\"feed-item \">\n    \n            \n        <a href=\"https:\/\/madeiraisland.news\/?post_type=post&amp;p=1208702\" target=\"_blank\" rel=\"nofollow\" class=\"\">Seguran\u00e7a Social da RAM participa no \u201c13\u00ba International Foster Care Research Network\u201d<\/a>\n\n    <div class=\"thumbnail-excerpt wprss-feed-thumbnail\">\n                                \n            \n                                            \n                    <div class=\"thumbnail-excerpt wprss-feed-excerpt\">\n                \n                Uma Equipa de Acolhimento Familiar do Instituto de Seguran\u00e7a Social da Madeira (ISSM) vai apresentar uma proposta conceptual sobre a avalia\u00e7\u00e3o das fam\u00edlias de acolhimento no 13.\u00ba International Foster Care...\n                                    <a href=\"https:\/\/madeiraisland.news\/?post_type=post&amp;p=1208702\" target=\"_blank\" rel=\"nofollow\" class=\"\">Read more<\/a>\n                            <\/div>\n            <\/div>\n\n    \n    \n\n    <div class=\"wprss-feed-meta\">\n                    <span class=\"feed-source\">\n                Source:\n                Funchal Not\u00edcias\n            <\/span>\n        \n                                                                        \n                    <span class=\"time-ago\">\n                Published on 10 hours ago\n            <\/span>\n        \n            <\/div>\n<\/li>\n\n                    <li class=\"feed-item \">\n    \n            \n        <a href=\"https:\/\/madeiraisland.news\/?post_type=post&amp;p=1208700\" target=\"_blank\" rel=\"nofollow\" class=\"\">Pol\u00edcia d\u00e1 conta de 73 acidentes, que causaram 21 feridos ligeiros e dois graves<\/a>\n\n    <div class=\"thumbnail-excerpt wprss-feed-thumbnail\">\n                                \n            \n                                            \n                    <div class=\"thumbnail-excerpt wprss-feed-excerpt\">\n                \n                O Comando Regional da Madeira da PSP veio dar conta de que, na Regi\u00e3o Aut\u00f3noma da Madeira, entre os dias 28 de Agosto e 03 de Setembro de 2026, verificaram-se...\n                                    <a href=\"https:\/\/madeiraisland.news\/?post_type=post&amp;p=1208700\" target=\"_blank\" rel=\"nofollow\" class=\"\">Read more<\/a>\n                            <\/div>\n            <\/div>\n\n    \n    \n\n    <div class=\"wprss-feed-meta\">\n                    <span class=\"feed-source\">\n                Source:\n                Funchal Not\u00edcias\n            <\/span>\n        \n                                                                        \n                    <span class=\"time-ago\">\n                Published on 11 hours ago\n            <\/span>\n        \n            <\/div>\n<\/li>\n\n                    <li class=\"feed-item \">\n    \n            \n        <a href=\"https:\/\/madeiraisland.news\/?post_type=post&amp;p=1208696\" target=\"_blank\" rel=\"nofollow\" class=\"\">PSD enaltece \u201cCasa Esperan\u00e7a\u201d da Associa\u00e7\u00e3o \u201cGarouta do Calhau\u201d<\/a>\n\n    <div class=\"thumbnail-excerpt wprss-feed-thumbnail\">\n                                \n            \n                                            \n                    <div class=\"thumbnail-excerpt wprss-feed-excerpt\">\n                \n                O Grupo Parlamentar do PSD\/Madeira visitou, esta sexta-feira, a Casa Esperan\u00e7a, o primeiro centro de dia e de noite da Regi\u00e3o Aut\u00f3noma da Madeira, gerido pela Associa\u00e7\u00e3o Garouta do Calhau,...\n                                    <a href=\"https:\/\/madeiraisland.news\/?post_type=post&amp;p=1208696\" target=\"_blank\" rel=\"nofollow\" class=\"\">Read more<\/a>\n                            <\/div>\n            <\/div>\n\n    \n    \n\n    <div class=\"wprss-feed-meta\">\n                    <span class=\"feed-source\">\n                Source:\n                Funchal Not\u00edcias\n            <\/span>\n        \n                                                                        \n                    <span class=\"time-ago\">\n                Published on 11 hours ago\n            <\/span>\n        \n            <\/div>\n<\/li>\n\n                    <li class=\"feed-item \">\n    \n            \n        <a href=\"https:\/\/madeiraisland.news\/?post_type=post&amp;p=1208698\" target=\"_blank\" rel=\"nofollow\" class=\"\">Dois indiv\u00edduos detidos pela PSP pelo crime de tr\u00e1fico de droga; apreendidos carros e 68 mil euros<\/a>\n\n    <div class=\"thumbnail-excerpt wprss-feed-thumbnail\">\n                                \n            \n                                            \n                    <div class=\"thumbnail-excerpt wprss-feed-excerpt\">\n                \n                \u00a0 O Comando Regional da Madeira da Pol\u00edcia de Seguran\u00e7a P\u00fablica, atrav\u00e9s da Esquadra de Investiga\u00e7\u00e3o Criminal da Divis\u00e3o Policial de Machico veio comunicar que durante o dia de ontem...\n                                    <a href=\"https:\/\/madeiraisland.news\/?post_type=post&amp;p=1208698\" target=\"_blank\" rel=\"nofollow\" class=\"\">Read more<\/a>\n                            <\/div>\n            <\/div>\n\n    \n    \n\n    <div class=\"wprss-feed-meta\">\n                    <span class=\"feed-source\">\n                Source:\n                Funchal Not\u00edcias\n            <\/span>\n        \n                                                                        \n                    <span class=\"time-ago\">\n                Published on 11 hours ago\n            <\/span>\n        \n            <\/div>\n<\/li>\n\n                    <li class=\"feed-item \">\n    \n            \n        <a href=\"https:\/\/madeiraisland.news\/?post_type=post&amp;p=1208691\" target=\"_blank\" rel=\"nofollow\" class=\"\">PSD-Machico prop\u00f5e suspens\u00e3o do PDM para \u201cdesbloquear habita\u00e7\u00e3o e investimento\u201d<\/a>\n\n    <div class=\"thumbnail-excerpt wprss-feed-thumbnail\">\n                                \n            \n                                            \n                    <div class=\"thumbnail-excerpt wprss-feed-excerpt\">\n                \n                Os vereadores eleitos pelo PSD \u00e0 autarquia de Machico defenderam, esta semana e no \u00e2mbito da reuni\u00e3o de c\u00e2mara que se realizou, a avalia\u00e7\u00e3o urgente da suspens\u00e3o parcial, excepcional e...\n                                    <a href=\"https:\/\/madeiraisland.news\/?post_type=post&amp;p=1208691\" target=\"_blank\" rel=\"nofollow\" class=\"\">Read more<\/a>\n                            <\/div>\n            <\/div>\n\n    \n    \n\n    <div class=\"wprss-feed-meta\">\n                    <span class=\"feed-source\">\n                Source:\n                Funchal Not\u00edcias\n            <\/span>\n        \n                                                                        \n                    <span class=\"time-ago\">\n                Published on 11 hours ago\n            <\/span>\n        \n            <\/div>\n<\/li>\n\n                    <li class=\"feed-item \">\n    \n            \n        <a href=\"https:\/\/madeiraisland.news\/?post_type=post&amp;p=1208693\" target=\"_blank\" rel=\"nofollow\" class=\"\">Francisco C\u00e9sar defende uma autonomia mais ambiciosa<\/a>\n\n    <div class=\"thumbnail-excerpt wprss-feed-thumbnail\">\n                                \n            \n                                            \n                    <div class=\"thumbnail-excerpt wprss-feed-excerpt\">\n                \n                O l\u00edder do PS\/A\u00e7ores, Francisco C\u00e9sar, defendeu hoje que as comemora\u00e7\u00f5es dos 50 anos da consagra\u00e7\u00e3o da autonomia regional devem servir n\u00e3o apenas para recordar o caminho percorrido, mas tamb\u00e9m...\n                                    <a href=\"https:\/\/madeiraisland.news\/?post_type=post&amp;p=1208693\" target=\"_blank\" rel=\"nofollow\" class=\"\">Read more<\/a>\n                            <\/div>\n            <\/div>\n\n    \n    \n\n    <div class=\"wprss-feed-meta\">\n                    <span class=\"feed-source\">\n                Source:\n                Pais\n            <\/span>\n        \n                                                                        \n                    <span class=\"time-ago\">\n                Published on 11 hours ago\n            <\/span>\n        \n            <\/div>\n<\/li>\n\n                    <li class=\"feed-item \">\n    \n            \n        <a href=\"https:\/\/madeiraisland.news\/?post_type=post&amp;p=1208689\" target=\"_blank\" rel=\"nofollow\" class=\"\">Cheiro intenso a esgoto denunciado em S\u00e3o Martinho<\/a>\n\n    <div class=\"thumbnail-excerpt wprss-feed-thumbnail\">\n                                \n            \n                                            \n                    <div class=\"thumbnail-excerpt wprss-feed-excerpt\">\n                \n                V\u00e1rios populares sentiram, esta manh\u00e3, um cheiro intenso a esgoto na zona do Continente de S\u00e3o Martinho, no Funchal, denunciando a situa\u00e7\u00e3o.\u00a0 Contactada pelo DI\u00c1RIO, a C\u00e2mara Municipal do Funchal...\n                                    <a href=\"https:\/\/madeiraisland.news\/?post_type=post&amp;p=1208689\" target=\"_blank\" rel=\"nofollow\" class=\"\">Read more<\/a>\n                            <\/div>\n            <\/div>\n\n    \n    \n\n    <div class=\"wprss-feed-meta\">\n                    <span class=\"feed-source\">\n                Source:\n                Casos do dia\n            <\/span>\n        \n                                                                        \n                    <span class=\"time-ago\">\n                Published on 12 hours ago\n            <\/span>\n        \n            <\/div>\n<\/li>\n\n                    <li class=\"feed-item \">\n    \n            \n        <a href=\"https:\/\/madeiraisland.news\/?post_type=post&amp;p=1208687\" target=\"_blank\" rel=\"nofollow\" class=\"\">PSP det\u00e9m dois homens em flagrante delito por tr\u00e1fico de droga<\/a>\n\n    <div class=\"thumbnail-excerpt wprss-feed-thumbnail\">\n                                \n            \n                                            \n                    <div class=\"thumbnail-excerpt wprss-feed-excerpt\">\n                \n                O Comando Regional da Madeira da PSP, atrav\u00e9s da Esquadra de Investiga\u00e7\u00e3o Criminal da Divis\u00e3o Policial de Machico, deteve, esta quinta-feira, 3 de Setembro, dois homens, naturais e residentes na...\n                                    <a href=\"https:\/\/madeiraisland.news\/?post_type=post&amp;p=1208687\" target=\"_blank\" rel=\"nofollow\" class=\"\">Read more<\/a>\n                            <\/div>\n            <\/div>\n\n    \n    \n\n    <div class=\"wprss-feed-meta\">\n                    <span class=\"feed-source\">\n                Source:\n                Casos do dia\n            <\/span>\n        \n                                                                        \n                    <span class=\"time-ago\">\n                Published on 12 hours ago\n            <\/span>\n        \n            <\/div>\n<\/li>\n\n                    <li class=\"feed-item \">\n    \n            \n        <a href=\"https:\/\/madeiraisland.news\/?post_type=post&amp;p=1208685\" target=\"_blank\" rel=\"nofollow\" class=\"\">JPP aponta \u201cfalta de palavra\u201d do GR quando disse que isentaria os emigrantes de pagar taxas para percursos pedestres<\/a>\n\n    <div class=\"thumbnail-excerpt wprss-feed-thumbnail\">\n                                \n            \n                                            \n                    <div class=\"thumbnail-excerpt wprss-feed-excerpt\">\n                \n                O Juntos Pelo Povo (JPP) alertou esta sexta-feira, em Santana, para \u201ca falta de palavra\u201d do Governo Regional do PSD\/CDS, que se havia comprometido, em Fevereiro deste ano, a isentar...\n                                    <a href=\"https:\/\/madeiraisland.news\/?post_type=post&amp;p=1208685\" target=\"_blank\" rel=\"nofollow\" class=\"\">Read more<\/a>\n                            <\/div>\n            <\/div>\n\n    \n    \n\n    <div class=\"wprss-feed-meta\">\n                    <span class=\"feed-source\">\n                Source:\n                Funchal Not\u00edcias\n            <\/span>\n        \n                                                                        \n                    <span class=\"time-ago\">\n                Published on 12 hours ago\n            <\/span>\n        \n            <\/div>\n<\/li>\n\n                    <li class=\"feed-item \">\n    \n            \n        <a href=\"https:\/\/madeiraisland.news\/?post_type=post&amp;p=1208679\" target=\"_blank\" rel=\"nofollow\" class=\"\">IL diz que eventual classifica\u00e7\u00e3o da casa de Lourdes Castro tem de ter uma estrat\u00e9gia concreta<\/a>\n\n    <div class=\"thumbnail-excerpt wprss-feed-thumbnail\">\n                                \n            \n                                            \n                    <div class=\"thumbnail-excerpt wprss-feed-excerpt\">\n                \n                A Iniciativa Liberal considera que a eventual classifica\u00e7\u00e3o da Casa de Lourdes Castro deve ser acompanhada de uma estrat\u00e9gia concreta para o im\u00f3vel, nomeadamente, de uma proposta s\u00e9ria de aquisi\u00e7\u00e3o...\n                                    <a href=\"https:\/\/madeiraisland.news\/?post_type=post&amp;p=1208679\" target=\"_blank\" rel=\"nofollow\" class=\"\">Read more<\/a>\n                            <\/div>\n            <\/div>\n\n    \n    \n\n    <div class=\"wprss-feed-meta\">\n                    <span class=\"feed-source\">\n                Source:\n                Funchal Not\u00edcias\n            <\/span>\n        \n                                                                        \n                    <span class=\"time-ago\">\n                Published on 13 hours ago\n            <\/span>\n        \n            <\/div>\n<\/li>\n\n                    <li class=\"feed-item \">\n    \n            \n        <a href=\"https:\/\/madeiraisland.news\/?post_type=post&amp;p=1208681\" target=\"_blank\" rel=\"nofollow\" class=\"\">PS acusa GR de s\u00f3 contratar profissionais para o SESARAM em situa\u00e7\u00f5es-limite<\/a>\n\n    <div class=\"thumbnail-excerpt wprss-feed-thumbnail\">\n                                \n            \n                                            \n                    <div class=\"thumbnail-excerpt wprss-feed-excerpt\">\n                \n                O PS entende que as recentes escusas de responsabilidade apresentadas por profissionais de Radiologia v\u00eam confirmar os alertas que o partido tem feito relativamente \u00e0 insufici\u00eancia de recursos humanos no...\n                                    <a href=\"https:\/\/madeiraisland.news\/?post_type=post&amp;p=1208681\" target=\"_blank\" rel=\"nofollow\" class=\"\">Read more<\/a>\n                            <\/div>\n            <\/div>\n\n    \n    \n\n    <div class=\"wprss-feed-meta\">\n                    <span class=\"feed-source\">\n                Source:\n                Funchal Not\u00edcias\n            <\/span>\n        \n                                                                        \n                    <span class=\"time-ago\">\n                Published on 13 hours ago\n            <\/span>\n        \n            <\/div>\n<\/li>\n\n                    <li class=\"feed-item \">\n    \n            \n        <a href=\"https:\/\/madeiraisland.news\/?post_type=post&amp;p=1208683\" target=\"_blank\" rel=\"nofollow\" class=\"\">Protec\u00e7\u00e3o Civil avisa para risco acrescido de inc\u00eandios florestais<\/a>\n\n    <div class=\"thumbnail-excerpt wprss-feed-thumbnail\">\n                                \n            \n                                            \n                    <div class=\"thumbnail-excerpt wprss-feed-excerpt\">\n                \n                \u00a0 O Servi\u00e7o Regional de Protec\u00e7\u00e3o Civil, de acordo com as previs\u00f5es do Instituto Portugu\u00eas do Mar e da Atmosfera (IPMA), prev\u00ea um agravamento gradual das condi\u00e7\u00f5es meteorol\u00f3gicas nos pr\u00f3ximos...\n                                    <a href=\"https:\/\/madeiraisland.news\/?post_type=post&amp;p=1208683\" target=\"_blank\" rel=\"nofollow\" class=\"\">Read more<\/a>\n                            <\/div>\n            <\/div>\n\n    \n    \n\n    <div class=\"wprss-feed-meta\">\n                    <span class=\"feed-source\">\n                Source:\n                Funchal Not\u00edcias\n            <\/span>\n        \n                                                                        \n                    <span class=\"time-ago\">\n                Published on 13 hours ago\n            <\/span>\n        \n            <\/div>\n<\/li>\n\n                    <li class=\"feed-item \">\n    \n            \n        <a href=\"https:\/\/madeiraisland.news\/?post_type=post&amp;p=1208675\" target=\"_blank\" rel=\"nofollow\" class=\"\">CMF vai refor\u00e7ar o n\u00famero de psic\u00f3logos do Munic\u00edpio<\/a>\n\n    <div class=\"thumbnail-excerpt wprss-feed-thumbnail\">\n                                \n            \n                                            \n                    <div class=\"thumbnail-excerpt wprss-feed-excerpt\">\n                \n                Na Sala da Assembleia Municipal e nos Pa\u00e7os do Concelho da C\u00e2mara Municipal do Funchal, realizou-se hoje a tert\u00falia \u201dSer Psic\u00f3logo em Tempos de Transforma\u00e7\u00e3o\u201d, numa organiza\u00e7\u00e3o da Delega\u00e7\u00e3o Regional...\n                                    <a href=\"https:\/\/madeiraisland.news\/?post_type=post&amp;p=1208675\" target=\"_blank\" rel=\"nofollow\" class=\"\">Read more<\/a>\n                            <\/div>\n            <\/div>\n\n    \n    \n\n    <div class=\"wprss-feed-meta\">\n                    <span class=\"feed-source\">\n                Source:\n                Funchal Not\u00edcias\n            <\/span>\n        \n                                                                        \n                    <span class=\"time-ago\">\n                Published on 13 hours ago\n            <\/span>\n        \n            <\/div>\n<\/li>\n\n                    <li class=\"feed-item \">\n    \n            \n        <a href=\"https:\/\/madeiraisland.news\/?post_type=post&amp;p=1208677\" target=\"_blank\" rel=\"nofollow\" class=\"\">Vereadores independentes na CMF alegam que a autarquia \u201cest\u00e1 a perder poder no seu pr\u00f3prio territ\u00f3rio\u201d<\/a>\n\n    <div class=\"thumbnail-excerpt wprss-feed-thumbnail\">\n                                \n            \n                                            \n                    <div class=\"thumbnail-excerpt wprss-feed-excerpt\">\n                \n                Os vereadores independentes na CMF, Lu\u00eds Filipe Santos e Jorge Afonso Freitas consideram, em extenso comunicado, como \u201cpreocupante a crescente interven\u00e7\u00e3o do Governo Regional nas decis\u00f5es urban\u00edsticas da C\u00e2mara Municipal\u201d....\n                                    <a href=\"https:\/\/madeiraisland.news\/?post_type=post&amp;p=1208677\" target=\"_blank\" rel=\"nofollow\" class=\"\">Read more<\/a>\n                            <\/div>\n            <\/div>\n\n    \n    \n\n    <div class=\"wprss-feed-meta\">\n                    <span class=\"feed-source\">\n                Source:\n                Funchal Not\u00edcias\n            <\/span>\n        \n                                                                        \n                    <span class=\"time-ago\">\n                Published on 13 hours ago\n            <\/span>\n        \n            <\/div>\n<\/li>\n\n                    <li class=\"feed-item \">\n    \n            \n        <a href=\"https:\/\/madeiraisland.news\/?post_type=post&amp;p=1208673\" target=\"_blank\" rel=\"nofollow\" class=\"\">Porto do Funchal: pavimento esburacado, defensas degradadas, escadas inoperacionais<\/a>\n\n    <div class=\"thumbnail-excerpt wprss-feed-thumbnail\">\n                                \n            \n                                            \n                    <div class=\"thumbnail-excerpt wprss-feed-excerpt\">\n                \n                Rui Marote Um per\u00edodo de Ver\u00e3o que deveria ter sido aproveitado para manuten\u00e7\u00e3o e melhorias parece ter acabado por ser tempo perdido deixando a desejar a manuten\u00e7\u00e3o do porto do...\n                                    <a href=\"https:\/\/madeiraisland.news\/?post_type=post&amp;p=1208673\" target=\"_blank\" rel=\"nofollow\" class=\"\">Read more<\/a>\n                            <\/div>\n            <\/div>\n\n    \n    \n\n    <div class=\"wprss-feed-meta\">\n                    <span class=\"feed-source\">\n                Source:\n                Funchal Not\u00edcias\n            <\/span>\n        \n                                                                        \n                    <span class=\"time-ago\">\n                Published on 13 hours ago\n            <\/span>\n        \n            <\/div>\n<\/li>\n\n                    <li class=\"feed-item \">\n    \n            \n        <a href=\"https:\/\/madeiraisland.news\/?post_type=post&amp;p=1208671\" target=\"_blank\" rel=\"nofollow\" class=\"\">73 acidentes de via\u00e7\u00e3o e 13 deten\u00e7\u00f5es<\/a>\n\n    <div class=\"thumbnail-excerpt wprss-feed-thumbnail\">\n                                \n            \n                                            \n                    <div class=\"thumbnail-excerpt wprss-feed-excerpt\">\n                \n                O Comando Regional da Madeira da PSP registou, entre 28 de Agosto e 3 de Setembro de 2026, 73 acidentes de via\u00e7\u00e3o, dos quais resultaram 21 feridos ligeiros e 2...\n                                    <a href=\"https:\/\/madeiraisland.news\/?post_type=post&amp;p=1208671\" target=\"_blank\" rel=\"nofollow\" class=\"\">Read more<\/a>\n                            <\/div>\n            <\/div>\n\n    \n    \n\n    <div class=\"wprss-feed-meta\">\n                    <span class=\"feed-source\">\n                Source:\n                Casos do dia\n            <\/span>\n        \n                                                                        \n                    <span class=\"time-ago\">\n                Published on 15 hours ago\n            <\/span>\n        \n            <\/div>\n<\/li>\n\n                    <li class=\"feed-item \">\n    \n            \n        <a href=\"https:\/\/madeiraisland.news\/?post_type=post&amp;p=1208668\" target=\"_blank\" rel=\"nofollow\" class=\"\">Litro de gas\u00f3leo deve subir 15 c\u00eantimos e gasolina 12 na pr\u00f3xima semana<\/a>\n\n    <div class=\"thumbnail-excerpt wprss-feed-thumbnail\">\n                                \n            \n                                            \n                    <div class=\"thumbnail-excerpt wprss-feed-excerpt\">\n                \n                O pre\u00e7o por litro do gas\u00f3leo dever\u00e1 aumentar 15 c\u00eantimos e o da gasolina avan\u00e7ar 12 c\u00eantimos na pr\u00f3xima semana, caso a tend\u00eancia atual se mantenha, segundo a estimativa do...\n                                    <a href=\"https:\/\/madeiraisland.news\/?post_type=post&amp;p=1208668\" target=\"_blank\" rel=\"nofollow\" class=\"\">Read more<\/a>\n                            <\/div>\n            <\/div>\n\n    \n    \n\n    <div class=\"wprss-feed-meta\">\n                    <span class=\"feed-source\">\n                Source:\n                Pais\n            <\/span>\n        \n                                                                        \n                    <span class=\"time-ago\">\n                Published on 16 hours ago\n            <\/span>\n        \n            <\/div>\n<\/li>\n\n                    <li class=\"feed-item \">\n    \n            \n        <a href=\"https:\/\/madeiraisland.news\/?post_type=post&amp;p=1208666\" target=\"_blank\" rel=\"nofollow\" class=\"\">Coluna de fumo mobiliza bombeiros at\u00e9 \u00e0 Travessa Ribeira Jo\u00e3o Gomes<\/a>\n\n    <div class=\"thumbnail-excerpt wprss-feed-thumbnail\">\n                                \n            \n                                            \n                    <div class=\"thumbnail-excerpt wprss-feed-excerpt\">\n                \n                Os Bombeiros Volunt\u00e1rios Madeirenses foram alertados, pelas 11h30 desta sexta-feira, para uma coluna de fumo na Travessa da Ribeira de Jo\u00e3o Gomes, no Funchal. Para o local foi mobilizada uma...\n                                    <a href=\"https:\/\/madeiraisland.news\/?post_type=post&amp;p=1208666\" target=\"_blank\" rel=\"nofollow\" class=\"\">Read more<\/a>\n                            <\/div>\n            <\/div>\n\n    \n    \n\n    <div class=\"wprss-feed-meta\">\n                    <span class=\"feed-source\">\n                Source:\n                Casos do dia\n            <\/span>\n        \n                                                                        \n                    <span class=\"time-ago\">\n                Published on 16 hours ago\n            <\/span>\n        \n            <\/div>\n<\/li>\n\n                    <li class=\"feed-item \">\n    \n            \n        <a href=\"https:\/\/madeiraisland.news\/?post_type=post&amp;p=1208664\" target=\"_blank\" rel=\"nofollow\" class=\"\">Perigo de inc\u00eandio rural agrava-se a partir de domingo<\/a>\n\n    <div class=\"thumbnail-excerpt wprss-feed-thumbnail\">\n                                \n            \n                                            \n                    <div class=\"thumbnail-excerpt wprss-feed-excerpt\">\n                \n                As condi\u00e7\u00f5es meteorol\u00f3gicas previstas para os pr\u00f3ximos dias poder\u00e3o contribuir para um agravamento do perigo de inc\u00eandio rural na Madeira, sobretudo nas zonas altas e nos extremos leste e oeste...\n                                    <a href=\"https:\/\/madeiraisland.news\/?post_type=post&amp;p=1208664\" target=\"_blank\" rel=\"nofollow\" class=\"\">Read more<\/a>\n                            <\/div>\n            <\/div>\n\n    \n    \n\n    <div class=\"wprss-feed-meta\">\n                    <span class=\"feed-source\">\n                Source:\n                Casos do dia\n            <\/span>\n        \n                                                                        \n                    <span class=\"time-ago\">\n                Published on 17 hours ago\n            <\/span>\n        \n            <\/div>\n<\/li>\n\n                    <li class=\"feed-item \">\n    \n            \n        <a href=\"https:\/\/madeiraisland.news\/?post_type=post&amp;p=1208662\" target=\"_blank\" rel=\"nofollow\" class=\"\">Morreu o ex-presidente do Centro Portugu\u00eas de Caracas Eg\u00eddio Monteiro<\/a>\n\n    <div class=\"thumbnail-excerpt wprss-feed-thumbnail\">\n                                \n            \n                                            \n                    <div class=\"thumbnail-excerpt wprss-feed-excerpt\">\n                \n                Morreu Jos\u00e9 Eg\u00eddio de Sousa Monteiro, ex-presidente do Centro Portugu\u00eas de Caracas, na Venezuela. O falecimento aconteceu na Madeira, para onde tinha regressado h\u00e1 alguns anos depois de muitos anos...\n                                    <a href=\"https:\/\/madeiraisland.news\/?post_type=post&amp;p=1208662\" target=\"_blank\" rel=\"nofollow\" class=\"\">Read more<\/a>\n                            <\/div>\n            <\/div>\n\n    \n    \n\n    <div class=\"wprss-feed-meta\">\n                    <span class=\"feed-source\">\n                Source:\n                Funchal Not\u00edcias\n            <\/span>\n        \n                                                                        \n                    <span class=\"time-ago\">\n                Published on 17 hours ago\n            <\/span>\n        \n            <\/div>\n<\/li>\n\n                    <li class=\"feed-item \">\n    \n            \n        <a href=\"https:\/\/madeiraisland.news\/?post_type=post&amp;p=1208660\" target=\"_blank\" rel=\"nofollow\" class=\"\">Loja Solid\u00e1ria do Cani\u00e7o denuncia falta de civismo<\/a>\n\n    <div class=\"thumbnail-excerpt wprss-feed-thumbnail\">\n                                \n            \n                                            \n                    <div class=\"thumbnail-excerpt wprss-feed-excerpt\">\n                \n                A Loja Solid\u00e1ria do Cani\u00e7o denunciou, atrav\u00e9s de uma publica\u00e7\u00e3o nas redes sociais, uma situa\u00e7\u00e3o de deposi\u00e7\u00e3o indevida de roupa junto \u00e0s suas instala\u00e7\u00f5es, com pe\u00e7as espalhadas pela rua e...\n                                    <a href=\"https:\/\/madeiraisland.news\/?post_type=post&amp;p=1208660\" target=\"_blank\" rel=\"nofollow\" class=\"\">Read more<\/a>\n                            <\/div>\n            <\/div>\n\n    \n    \n\n    <div class=\"wprss-feed-meta\">\n                    <span class=\"feed-source\">\n                Source:\n                Casos do dia\n            <\/span>\n        \n                                                                        \n                    <span class=\"time-ago\">\n                Published on 17 hours ago\n            <\/span>\n        \n            <\/div>\n<\/li>\n\n                    <li class=\"feed-item \">\n    \n            \n        <a href=\"https:\/\/madeiraisland.news\/?post_type=post&amp;p=1208658\" target=\"_blank\" rel=\"nofollow\" class=\"\">\"Nunca v\u00e3o ao Mercado dos Lavradores\"<\/a>\n\n    <div class=\"thumbnail-excerpt wprss-feed-thumbnail\">\n                                \n            \n                                            \n                    <div class=\"thumbnail-excerpt wprss-feed-excerpt\">\n                \n                Um v\u00eddeo publicado no TikTok por uma turista que afirma ter pago 20 euros por fruta no Mercado dos Lavradores, no Funchal, est\u00e1 a gerar reac\u00e7\u00f5es nas redes sociais. No...\n                                    <a href=\"https:\/\/madeiraisland.news\/?post_type=post&amp;p=1208658\" target=\"_blank\" rel=\"nofollow\" class=\"\">Read more<\/a>\n                            <\/div>\n            <\/div>\n\n    \n    \n\n    <div class=\"wprss-feed-meta\">\n                    <span class=\"feed-source\">\n                Source:\n                Casos do dia\n            <\/span>\n        \n                                                                        \n                    <span class=\"time-ago\">\n                Published on 18 hours ago\n            <\/span>\n        \n            <\/div>\n<\/li>\n\n                    <li class=\"feed-item \">\n    \n            \n        <a href=\"https:\/\/madeiraisland.news\/?post_type=post&amp;p=1208655\" target=\"_blank\" rel=\"nofollow\" class=\"\">Azores Airlines reduz preju\u00edzo mas perde 37,1 milh\u00f5es no primeiro semestre<\/a>\n\n    <div class=\"thumbnail-excerpt wprss-feed-thumbnail\">\n                                \n            \n                                            \n                    <div class=\"thumbnail-excerpt wprss-feed-excerpt\">\n                \n                A Azores Airlines encerrou o primeiro semestre deste ano com um preju\u00edzo de 37,1 milh\u00f5es de euros, ainda assim uma melhoria de cerca de 3,9 milh\u00f5es relativamente aos 41,1 milh\u00f5es...\n                                    <a href=\"https:\/\/madeiraisland.news\/?post_type=post&amp;p=1208655\" target=\"_blank\" rel=\"nofollow\" class=\"\">Read more<\/a>\n                            <\/div>\n            <\/div>\n\n    \n    \n\n    <div class=\"wprss-feed-meta\">\n                    <span class=\"feed-source\">\n                Source:\n                Pais\n            <\/span>\n        \n                                                                        \n                    <span class=\"time-ago\">\n                Published on 19 hours ago\n            <\/span>\n        \n            <\/div>\n<\/li>\n\n                    <li class=\"feed-item \">\n    \n            \n        <a href=\"https:\/\/madeiraisland.news\/?post_type=post&amp;p=1208653\" target=\"_blank\" rel=\"nofollow\" class=\"\">Acidente a envolver dois ve\u00edculos na via r\u00e1pida em Santa Cruz<\/a>\n\n    <div class=\"thumbnail-excerpt wprss-feed-thumbnail\">\n                                \n            \n                                            \n                    <div class=\"thumbnail-excerpt wprss-feed-excerpt\">\n                \n                Ocorreu, h\u00e1 pouco, um acidente de via\u00e7\u00e3o envolvendo duas viaturas ligeiras, na via r\u00e1pida, junto ao n\u00f3 do aeroporto. Segundo foi poss\u00edvel apurar, a corpora\u00e7\u00e3o de bombeiros local n\u00e3o foi...\n                                    <a href=\"https:\/\/madeiraisland.news\/?post_type=post&amp;p=1208653\" target=\"_blank\" rel=\"nofollow\" class=\"\">Read more<\/a>\n                            <\/div>\n            <\/div>\n\n    \n    \n\n    <div class=\"wprss-feed-meta\">\n                    <span class=\"feed-source\">\n                Source:\n                Casos do dia\n            <\/span>\n        \n                                                                        \n                    <span class=\"time-ago\">\n                Published on 19 hours ago\n            <\/span>\n        \n            <\/div>\n<\/li>\n\n                    <li class=\"feed-item \">\n    \n            \n        <a href=\"https:\/\/madeiraisland.news\/?post_type=post&amp;p=1208650\" target=\"_blank\" rel=\"nofollow\" class=\"\">Onze concelhos de quatro distritos em perigo m\u00e1ximo<\/a>\n\n    <div class=\"thumbnail-excerpt wprss-feed-thumbnail\">\n                                \n            \n                                            \n                    <div class=\"thumbnail-excerpt wprss-feed-excerpt\">\n                \n                Onze concelhos dos distritos de Bragan\u00e7a, Guarda, Castelo Branco e Coimbra est\u00e3o hoje em perigo m\u00e1ximo de inc\u00eandio rural, num dia em que as temperaturas v\u00e3o manter-se elevadas, segundo o...\n                                    <a href=\"https:\/\/madeiraisland.news\/?post_type=post&amp;p=1208650\" target=\"_blank\" rel=\"nofollow\" class=\"\">Read more<\/a>\n                            <\/div>\n            <\/div>\n\n    \n    \n\n    <div class=\"wprss-feed-meta\">\n                    <span class=\"feed-source\">\n                Source:\n                Pais\n            <\/span>\n        \n                                                                        \n                    <span class=\"time-ago\">\n                Published on 20 hours ago\n            <\/span>\n        \n            <\/div>\n<\/li>\n\n                    <li class=\"feed-item \">\n    \n            \n        <a href=\"https:\/\/madeiraisland.news\/?post_type=post&amp;p=1208647\" target=\"_blank\" rel=\"nofollow\" class=\"\">CHEGA quer impedir agressor de receber indemniza\u00e7\u00e3o<\/a>\n\n    <div class=\"thumbnail-excerpt wprss-feed-thumbnail\">\n                                \n            \n                                            \n                    <div class=\"thumbnail-excerpt wprss-feed-excerpt\">\n                \n                O CHEGA entregou na Assembleia da Rep\u00fablica um projecto de lei que pretende refor\u00e7ar a protec\u00e7\u00e3o de quem se defende de agress\u00f5es graves, afastando a possibilidade de o pr\u00f3prio agressor...\n                                    <a href=\"https:\/\/madeiraisland.news\/?post_type=post&amp;p=1208647\" target=\"_blank\" rel=\"nofollow\" class=\"\">Read more<\/a>\n                            <\/div>\n            <\/div>\n\n    \n    \n\n    <div class=\"wprss-feed-meta\">\n                    <span class=\"feed-source\">\n                Source:\n                Pais\n            <\/span>\n        \n                                                                        \n                    <span class=\"time-ago\">\n                Published on 21 hours ago\n            <\/span>\n        \n            <\/div>\n<\/li>\n\n                    <li class=\"feed-item \">\n    \n            \n        <a href=\"https:\/\/madeiraisland.news\/?post_type=post&amp;p=1208645\" target=\"_blank\" rel=\"nofollow\" class=\"\">Motociclista ferido em colis\u00e3o na Estrada da Eira do Serrado<\/a>\n\n    <div class=\"thumbnail-excerpt wprss-feed-thumbnail\">\n                                \n            \n                                            \n                    <div class=\"thumbnail-excerpt wprss-feed-excerpt\">\n                \n                Um motociclista de 37 anos ficou ferido, na \u00faltima noite, na sequ\u00eancia de uma colis\u00e3o entre uma mota e um ve\u00edculo ligeiro, na Estrada da Eira do Serrado, em Santo...\n                                    <a href=\"https:\/\/madeiraisland.news\/?post_type=post&amp;p=1208645\" target=\"_blank\" rel=\"nofollow\" class=\"\">Read more<\/a>\n                            <\/div>\n            <\/div>\n\n    \n    \n\n    <div class=\"wprss-feed-meta\">\n                    <span class=\"feed-source\">\n                Source:\n                Casos do dia\n            <\/span>\n        \n                                                                        \n                    <span class=\"time-ago\">\n                Published on 21 hours ago\n            <\/span>\n        \n            <\/div>\n<\/li>\n\n                    <li class=\"feed-item \">\n    \n            \n        <a href=\"https:\/\/madeiraisland.news\/?post_type=post&amp;p=1208636\" target=\"_blank\" rel=\"nofollow\" class=\"\">Utentes do SNS esperam meio ano por primeira consulta com psic\u00f3logo<\/a>\n\n    <div class=\"thumbnail-excerpt wprss-feed-thumbnail\">\n                                \n            \n                                            \n                    <div class=\"thumbnail-excerpt wprss-feed-excerpt\">\n                \n                A Ordem dos Psic\u00f3logos Portugueses alertou hoje que os utentes do SNS podem esperar meio ano para terem a primeira consulta com um psic\u00f3logo e que o refor\u00e7o de profissionais...\n                                    <a href=\"https:\/\/madeiraisland.news\/?post_type=post&amp;p=1208636\" target=\"_blank\" rel=\"nofollow\" class=\"\">Read more<\/a>\n                            <\/div>\n            <\/div>\n\n    \n    \n\n    <div class=\"wprss-feed-meta\">\n                    <span class=\"feed-source\">\n                Source:\n                Pais\n            <\/span>\n        \n                                                                        \n                    <span class=\"time-ago\">\n                Published on 21 hours ago\n            <\/span>\n        \n            <\/div>\n<\/li>\n\n                    <li class=\"feed-item \">\n    \n            \n        <a href=\"https:\/\/madeiraisland.news\/?post_type=post&amp;p=1208639\" target=\"_blank\" rel=\"nofollow\" class=\"\">Associa\u00e7\u00e3o Zero lan\u00e7a plataforma de acompanhamento dos voos noturnos em Lisboa<\/a>\n\n    <div class=\"thumbnail-excerpt wprss-feed-thumbnail\">\n                                \n            \n                                            \n                    <div class=\"thumbnail-excerpt wprss-feed-excerpt\">\n                \n                Uma plataforma para acompanhamento dos voos noturnos no Aeroporto Humberto Delgado \u00e9 hoje lan\u00e7ada pela associa\u00e7\u00e3o Zero, segundo a qual Lisboa continua sem direito ao sil\u00eancio 536 dias depois de...\n                                    <a href=\"https:\/\/madeiraisland.news\/?post_type=post&amp;p=1208639\" target=\"_blank\" rel=\"nofollow\" class=\"\">Read more<\/a>\n                            <\/div>\n            <\/div>\n\n    \n    \n\n    <div class=\"wprss-feed-meta\">\n                    <span class=\"feed-source\">\n                Source:\n                Pais\n            <\/span>\n        \n                                                                        \n                    <span class=\"time-ago\">\n                Published on 21 hours ago\n            <\/span>\n        \n            <\/div>\n<\/li>\n\n                    <li class=\"feed-item \">\n    \n            \n        <a href=\"https:\/\/madeiraisland.news\/?post_type=post&amp;p=1208642\" target=\"_blank\" rel=\"nofollow\" class=\"\">Lu\u00eds Neves e mo\u00e7\u00e3o de censura marcam primeiras p\u00e1ginas<\/a>\n\n    <div class=\"thumbnail-excerpt wprss-feed-thumbnail\">\n                                \n            \n                                            \n                    <div class=\"thumbnail-excerpt wprss-feed-excerpt\">\n                \n                A situa\u00e7\u00e3o de Lu\u00eds Neves e a mo\u00e7\u00e3o de censura apresentada pelo Chega ao Governo est\u00e3o entre os temas em maior destaque na imprensa nacional desta sexta-feira, 4 de Setembro....\n                                    <a href=\"https:\/\/madeiraisland.news\/?post_type=post&amp;p=1208642\" target=\"_blank\" rel=\"nofollow\" class=\"\">Read more<\/a>\n                            <\/div>\n            <\/div>\n\n    \n    \n\n    <div class=\"wprss-feed-meta\">\n                    <span class=\"feed-source\">\n                Source:\n                Pais\n            <\/span>\n        \n                                                                        \n                    <span class=\"time-ago\">\n                Published on 21 hours ago\n            <\/span>\n        \n            <\/div>\n<\/li>\n\n                    <li class=\"feed-item \">\n    \n            \n        <a href=\"https:\/\/madeiraisland.news\/?post_type=post&amp;p=1208634\" target=\"_blank\" rel=\"nofollow\" class=\"\">04 Setembro: Dia Mundial da Sa\u00fade Sexual<\/a>\n\n    <div class=\"thumbnail-excerpt wprss-feed-thumbnail\">\n                                \n            \n                                            \n                    <div class=\"thumbnail-excerpt wprss-feed-excerpt\">\n                \n                AF! Assinala-se a 4 de setembro o Dia Mundial da Sa\u00fade Sexual, uma data dedicada \u00e0 promo\u00e7\u00e3o de uma viv\u00eancia da sexualidade informada, segura, livre de viol\u00eancia e baseada no...\n                                    <a href=\"https:\/\/madeiraisland.news\/?post_type=post&amp;p=1208634\" target=\"_blank\" rel=\"nofollow\" class=\"\">Read more<\/a>\n                            <\/div>\n            <\/div>\n\n    \n    \n\n    <div class=\"wprss-feed-meta\">\n                    <span class=\"feed-source\">\n                Source:\n                Funchal Not\u00edcias\n            <\/span>\n        \n                                                                        \n                    <span class=\"time-ago\">\n                Published on 23 hours ago\n            <\/span>\n        \n            <\/div>\n<\/li>\n\n                    <li class=\"feed-item \">\n    \n            \n        <a href=\"https:\/\/madeiraisland.news\/?post_type=post&amp;p=1208631\" target=\"_blank\" rel=\"nofollow\" class=\"\">Azores Airlines reduz preju\u00edzo para 37,1 milh\u00f5es de euros no primeiro semestre<\/a>\n\n    <div class=\"thumbnail-excerpt wprss-feed-thumbnail\">\n                                \n            \n                                            \n                    <div class=\"thumbnail-excerpt wprss-feed-excerpt\">\n                \n                A Azores Airlines registou um preju\u00edzo de 37,1 milh\u00f5es de euros no primeiro semestre, menos 3,9 milh\u00f5es face ao per\u00edodo hom\u00f3logo, enquanto a SATA Air A\u00e7ores baixou o preju\u00edzo para...\n                                    <a href=\"https:\/\/madeiraisland.news\/?post_type=post&amp;p=1208631\" target=\"_blank\" rel=\"nofollow\" class=\"\">Read more<\/a>\n                            <\/div>\n            <\/div>\n\n    \n    \n\n    <div class=\"wprss-feed-meta\">\n                    <span class=\"feed-source\">\n                Source:\n                Pais\n            <\/span>\n        \n                                                                        \n                    <span class=\"time-ago\">\n                Published on 23 hours ago\n            <\/span>\n        \n            <\/div>\n<\/li>\n\n                    <li class=\"feed-item \">\n    \n            \n        <a href=\"https:\/\/madeiraisland.news\/?post_type=post&amp;p=1208628\" target=\"_blank\" rel=\"nofollow\" class=\"\">Governo apela \u00e0 consci\u00eancia individual para prevenir fogos<\/a>\n\n    <div class=\"thumbnail-excerpt wprss-feed-thumbnail\">\n                                \n            \n                                            \n                    <div class=\"thumbnail-excerpt wprss-feed-excerpt\">\n                \n                O secret\u00e1rio de Estado da Prote\u00e7\u00e3o Civil apelou ontem para que sejam evitados comportamentos de risco de inc\u00eandio e alertou para a dificuldade acrescida no combate quando acontecem v\u00e1rias igni\u00e7\u00f5es...\n                                    <a href=\"https:\/\/madeiraisland.news\/?post_type=post&amp;p=1208628\" target=\"_blank\" rel=\"nofollow\" class=\"\">Read more<\/a>\n                            <\/div>\n            <\/div>\n\n    \n    \n\n    <div class=\"wprss-feed-meta\">\n                    <span class=\"feed-source\">\n                Source:\n                Pais\n            <\/span>\n        \n                                                                        \n                    <span class=\"time-ago\">\n                Published on 1 day ago\n            <\/span>\n        \n            <\/div>\n<\/li>\n\n                    <li class=\"feed-item \">\n    \n            \n        <a href=\"https:\/\/madeiraisland.news\/?post_type=post&amp;p=1208626\" target=\"_blank\" rel=\"nofollow\" class=\"\">03 setembro: 52.\u00ba anivers\u00e1rio \u2013 Estado-Maior-General das For\u00e7as Armadas (EMGFA)<\/a>\n\n    <div class=\"thumbnail-excerpt wprss-feed-thumbnail\">\n                                \n            \n                                            \n                    <div class=\"thumbnail-excerpt wprss-feed-excerpt\">\n                \n                AF! O Estado-Maior-General das For\u00e7as Armadas (EMGFA) assinala esta quinta-feira, 3 de setembro, o seu 52.\u00ba anivers\u00e1rio, numa data que marca a cria\u00e7\u00e3o da estrutura militar que integra as For\u00e7as...\n                                    <a href=\"https:\/\/madeiraisland.news\/?post_type=post&amp;p=1208626\" target=\"_blank\" rel=\"nofollow\" class=\"\">Read more<\/a>\n                            <\/div>\n            <\/div>\n\n    \n    \n\n    <div class=\"wprss-feed-meta\">\n                    <span class=\"feed-source\">\n                Source:\n                Funchal Not\u00edcias\n            <\/span>\n        \n                                                                        \n                    <span class=\"time-ago\">\n                Published on 1 day ago\n            <\/span>\n        \n            <\/div>\n<\/li>\n\n                    <li class=\"feed-item \">\n    \n            \n        <a href=\"https:\/\/madeiraisland.news\/?post_type=post&amp;p=1208623\" target=\"_blank\" rel=\"nofollow\" class=\"\">Iniciativa Liberal vota contra mo\u00e7\u00e3o de censura do Chega<\/a>\n\n    <div class=\"thumbnail-excerpt wprss-feed-thumbnail\">\n                                \n            \n                                            \n                    <div class=\"thumbnail-excerpt wprss-feed-excerpt\">\n                \n                A Iniciativa Liberal vai votar contra a mo\u00e7\u00e3o de censura ao Governo apresentada pelo Chega, revelou hoje a presidente do partido, Mariana Leit\u00e3o, em entrevista \u00e0 CNN Portugal. \u00a0Mariana Leit\u00e3o...\n                                    <a href=\"https:\/\/madeiraisland.news\/?post_type=post&amp;p=1208623\" target=\"_blank\" rel=\"nofollow\" class=\"\">Read more<\/a>\n                            <\/div>\n            <\/div>\n\n    \n    \n\n    <div class=\"wprss-feed-meta\">\n                    <span class=\"feed-source\">\n                Source:\n                Pais\n            <\/span>\n        \n                                                                        \n                    <span class=\"time-ago\">\n                Published on 1 day ago\n            <\/span>\n        \n            <\/div>\n<\/li>\n\n                    <li class=\"feed-item \">\n    \n            \n        <a href=\"https:\/\/madeiraisland.news\/?post_type=post&amp;p=1208620\" target=\"_blank\" rel=\"nofollow\" class=\"\">Em resposta ao Chega, Governo confirma or\u00e7amento de 144 mil euros para PJ destruir qu\u00edmicos<\/a>\n\n    <div class=\"thumbnail-excerpt wprss-feed-thumbnail\">\n                                \n            \n                                            \n                    <div class=\"thumbnail-excerpt wprss-feed-excerpt\">\n                \n                O Minist\u00e9rio da Justi\u00e7a (MJ) confirmou o or\u00e7amento de cerca de 144 mil euros dado \u00e0 Pol\u00edcia Judici\u00e1ria para destrui\u00e7\u00e3o de qu\u00edmicos apreendidos na &#039;Opera\u00e7\u00e3o Pacoba&#039; e a falta de...\n                                    <a href=\"https:\/\/madeiraisland.news\/?post_type=post&amp;p=1208620\" target=\"_blank\" rel=\"nofollow\" class=\"\">Read more<\/a>\n                            <\/div>\n            <\/div>\n\n    \n    \n\n    <div class=\"wprss-feed-meta\">\n                    <span class=\"feed-source\">\n                Source:\n                Pais\n            <\/span>\n        \n                                                                        \n                    <span class=\"time-ago\">\n                Published on 1 day ago\n            <\/span>\n        \n            <\/div>\n<\/li>\n\n                    <li class=\"feed-item \">\n    \n            \n        <a href=\"https:\/\/madeiraisland.news\/?post_type=post&amp;p=1208618\" target=\"_blank\" rel=\"nofollow\" class=\"\">Escola Secund\u00e1ria Jaime Moniz deposita 184 mapas e quadros parietais hist\u00f3ricos no Arquivo Regional da Madeira<\/a>\n\n    <div class=\"thumbnail-excerpt wprss-feed-thumbnail\">\n                                \n            \n                                            \n                    <div class=\"thumbnail-excerpt wprss-feed-excerpt\">\n                \n                A Escola Secund\u00e1ria Jaime Moniz e a Dire\u00e7\u00e3o Regional dos Arquivos, das Bibliotecas e do Livro celebraram, no passado dia 16 de julho de 2026, um contrato de dep\u00f3sito de...\n                                    <a href=\"https:\/\/madeiraisland.news\/?post_type=post&amp;p=1208618\" target=\"_blank\" rel=\"nofollow\" class=\"\">Read more<\/a>\n                            <\/div>\n            <\/div>\n\n    \n    \n\n    <div class=\"wprss-feed-meta\">\n                    <span class=\"feed-source\">\n                Source:\n                Funchal Not\u00edcias\n            <\/span>\n        \n                                                                        \n                    <span class=\"time-ago\">\n                Published on 1 day ago\n            <\/span>\n        \n            <\/div>\n<\/li>\n\n                    <li class=\"feed-item \">\n    \n            \n        <a href=\"https:\/\/madeiraisland.news\/?post_type=post&amp;p=1208616\" target=\"_blank\" rel=\"nofollow\" class=\"\">CHEGA quer deporta\u00e7\u00e3o de imigrantes ilegais e criminosos<\/a>\n\n    <div class=\"thumbnail-excerpt wprss-feed-thumbnail\">\n                                \n            \n                                            \n                    <div class=\"thumbnail-excerpt wprss-feed-excerpt\">\n                \n                O deputado do CHEGA na Assembleia da Rep\u00fablica, Francisco Gomes, defendeu ontem que Portugal deve assumir uma pol\u00edtica de deporta\u00e7\u00e3o de cidad\u00e3os estrangeiros que permane\u00e7am ilegalmente no territ\u00f3rio nacional ou...\n                                    <a href=\"https:\/\/madeiraisland.news\/?post_type=post&amp;p=1208616\" target=\"_blank\" rel=\"nofollow\" class=\"\">Read more<\/a>\n                            <\/div>\n            <\/div>\n\n    \n    \n\n    <div class=\"wprss-feed-meta\">\n                    <span class=\"feed-source\">\n                Source:\n                Funchal Not\u00edcias\n            <\/span>\n        \n                                                                        \n                    <span class=\"time-ago\">\n                Published on 1 day ago\n            <\/span>\n        \n            <\/div>\n<\/li>\n\n                    <li class=\"feed-item \">\n    \n            \n        <a href=\"https:\/\/madeiraisland.news\/?post_type=post&amp;p=1208613\" target=\"_blank\" rel=\"nofollow\" class=\"\">Inqu\u00e9rito \u00e0 alegada intrus\u00e3o no gabinete de Ventura com car\u00e1cter urgente<\/a>\n\n    <div class=\"thumbnail-excerpt wprss-feed-thumbnail\">\n                                \n            \n                                            \n                    <div class=\"thumbnail-excerpt wprss-feed-excerpt\">\n                \n                O inqu\u00e9rito do Minist\u00e9rio P\u00fablico (MP) \u00e0 alegada invas\u00e3o e roubo no gabinete do l\u00edder do Chega, Andr\u00e9 Ventura, no parlamento, tem car\u00e1ter urgente, revelou hoje o procurador-geral da Rep\u00fablica...\n                                    <a href=\"https:\/\/madeiraisland.news\/?post_type=post&amp;p=1208613\" target=\"_blank\" rel=\"nofollow\" class=\"\">Read more<\/a>\n                            <\/div>\n            <\/div>\n\n    \n    \n\n    <div class=\"wprss-feed-meta\">\n                    <span class=\"feed-source\">\n                Source:\n                Pais\n            <\/span>\n        \n                                                                        \n                    <span class=\"time-ago\">\n                Published on 1 day ago\n            <\/span>\n        \n            <\/div>\n<\/li>\n\n                    <li class=\"feed-item \">\n    \n            \n        <a href=\"https:\/\/madeiraisland.news\/?post_type=post&amp;p=1208611\" target=\"_blank\" rel=\"nofollow\" class=\"\">CHEGA deu entrada a voto de louvor aos fachos de Machico e \u00e0 Associa\u00e7\u00e3o Fachos<\/a>\n\n    <div class=\"thumbnail-excerpt wprss-feed-thumbnail\">\n                                \n            \n                                            \n                    <div class=\"thumbnail-excerpt wprss-feed-excerpt\">\n                \n                O grupo parlamentar do CHEGA na Assembleia Legislativa da Madeira deu entrada a um Voto de Louvor dedicado \u00e0 secular tradi\u00e7\u00e3o dos Fachos de Machico e \u00e0 Associa\u00e7\u00e3o Fachos, entidade...\n                                    <a href=\"https:\/\/madeiraisland.news\/?post_type=post&amp;p=1208611\" target=\"_blank\" rel=\"nofollow\" class=\"\">Read more<\/a>\n                            <\/div>\n            <\/div>\n\n    \n    \n\n    <div class=\"wprss-feed-meta\">\n                    <span class=\"feed-source\">\n                Source:\n                Funchal Not\u00edcias\n            <\/span>\n        \n                                                                        \n                    <span class=\"time-ago\">\n                Published on 1 day ago\n            <\/span>\n        \n            <\/div>\n<\/li>\n\n                    <li class=\"feed-item \">\n    \n            \n        <a href=\"https:\/\/madeiraisland.news\/?post_type=post&amp;p=1208604\" target=\"_blank\" rel=\"nofollow\" class=\"\">Gas\u00f3leo baixa at\u00e9 4,8 c\u00eantimos na Madeira a partir de segunda-feira<\/a>\n\n    <div class=\"thumbnail-excerpt wprss-feed-thumbnail\">\n                                \n            \n                                            \n                    <div class=\"thumbnail-excerpt wprss-feed-excerpt\">\n                \n                O pre\u00e7o m\u00e1ximo do gas\u00f3leo rodovi\u00e1rio na Madeira vai baixar 4,8 c\u00eantimos por litro a partir de segunda-feira, enquanto o gas\u00f3leo colorido e marcado desce 4,5 c\u00eantimos, segundo o despacho...\n                                    <a href=\"https:\/\/madeiraisland.news\/?post_type=post&amp;p=1208604\" target=\"_blank\" rel=\"nofollow\" class=\"\">Read more<\/a>\n                            <\/div>\n            <\/div>\n\n    \n    \n\n    <div class=\"wprss-feed-meta\">\n                    <span class=\"feed-source\">\n                Source:\n                Funchal Not\u00edcias\n            <\/span>\n        \n                                                                        \n                    <span class=\"time-ago\">\n                Published on 1 day ago\n            <\/span>\n        \n            <\/div>\n<\/li>\n\n                    <li class=\"feed-item \">\n    \n            \n        <a href=\"https:\/\/madeiraisland.news\/?post_type=post&amp;p=1208608\" target=\"_blank\" rel=\"nofollow\" class=\"\">Ventura considera que PR \u00e9 dos mais interessados em resolver situa\u00e7\u00e3o de Lu\u00eds Neves<\/a>\n\n    <div class=\"thumbnail-excerpt wprss-feed-thumbnail\">\n                                \n            \n                                            \n                    <div class=\"thumbnail-excerpt wprss-feed-excerpt\">\n                \n                O l\u00edder do Chega considerou hoje que o Presidente da Rep\u00fablica \u00e9 uma das pessoas mais interessadas em que a situa\u00e7\u00e3o do Minist\u00e9rio da Administra\u00e7\u00e3o Interna se resolva e apelou...\n                                    <a href=\"https:\/\/madeiraisland.news\/?post_type=post&amp;p=1208608\" target=\"_blank\" rel=\"nofollow\" class=\"\">Read more<\/a>\n                            <\/div>\n            <\/div>\n\n    \n    \n\n    <div class=\"wprss-feed-meta\">\n                    <span class=\"feed-source\">\n                Source:\n                Pais\n            <\/span>\n        \n                                                                        \n                    <span class=\"time-ago\">\n                Published on 1 day ago\n            <\/span>\n        \n            <\/div>\n<\/li>\n\n                    <li class=\"feed-item \">\n    \n            \n        <a href=\"https:\/\/madeiraisland.news\/?post_type=post&amp;p=1208606\" target=\"_blank\" rel=\"nofollow\" class=\"\">Clube de Golfe do Santo da Serra nomeado nos World Golf Awards 2026<\/a>\n\n    <div class=\"thumbnail-excerpt wprss-feed-thumbnail\">\n                                \n            \n                                            \n                    <div class=\"thumbnail-excerpt wprss-feed-excerpt\">\n                \n                O Clube de Golf do Santo da Serra voltou a ser nomeado nos World Golf Awards 2026, em quatro categorias. Segundo os respons\u00e1veis do clube, esta nomea\u00e7\u00e3o \u201ccontribui tamb\u00e9m para...\n                                    <a href=\"https:\/\/madeiraisland.news\/?post_type=post&amp;p=1208606\" target=\"_blank\" rel=\"nofollow\" class=\"\">Read more<\/a>\n                            <\/div>\n            <\/div>\n\n    \n    \n\n    <div class=\"wprss-feed-meta\">\n                    <span class=\"feed-source\">\n                Source:\n                Funchal Not\u00edcias\n            <\/span>\n        \n                                                                        \n                    <span class=\"time-ago\">\n                Published on 1 day ago\n            <\/span>\n        \n            <\/div>\n<\/li>\n\n                    <li class=\"feed-item \">\n    \n            \n        <a href=\"https:\/\/madeiraisland.news\/?post_type=post&amp;p=1208602\" target=\"_blank\" rel=\"nofollow\" class=\"\">GR destina mais de 6 milh\u00f5es e meio a estabiliza\u00e7\u00e3o do talude e protec\u00e7\u00e3o da VE2<\/a>\n\n    <div class=\"thumbnail-excerpt wprss-feed-thumbnail\">\n                                \n            \n                                            \n                    <div class=\"thumbnail-excerpt wprss-feed-excerpt\">\n                \n                O Conselho de Governo deliberou autorizar a realiza\u00e7\u00e3o da despesa inerente \u00e0 empreitada designada por \u00abEstabiliza\u00e7\u00e3o do Talude e Prote\u00e7\u00e3o da VE 2 entre os t\u00faneis da Ladeira da Vinha...\n                                    <a href=\"https:\/\/madeiraisland.news\/?post_type=post&amp;p=1208602\" target=\"_blank\" rel=\"nofollow\" class=\"\">Read more<\/a>\n                            <\/div>\n            <\/div>\n\n    \n    \n\n    <div class=\"wprss-feed-meta\">\n                    <span class=\"feed-source\">\n                Source:\n                Funchal Not\u00edcias\n            <\/span>\n        \n                                                                        \n                    <span class=\"time-ago\">\n                Published on 1 day ago\n            <\/span>\n        \n            <\/div>\n<\/li>\n\n                    <li class=\"feed-item \">\n    \n            \n        <a href=\"https:\/\/madeiraisland.news\/?post_type=post&amp;p=1208598\" target=\"_blank\" rel=\"nofollow\" class=\"\">Embate entre duas viaturas no Funchal causa danos materiais<\/a>\n\n    <div class=\"thumbnail-excerpt wprss-feed-thumbnail\">\n                                \n            \n                                            \n                    <div class=\"thumbnail-excerpt wprss-feed-excerpt\">\n                \n                Uma colis\u00e3o ocorrida na Pra\u00e7a da Autonomia, no Funchal, provocou, esta tarde, apenas danos materiais. Apesar do aparato, n\u00e3o h\u00e1 registo de feridos na sequ\u00eancia do acidente. A ocorr\u00eancia condicionou...\n                                    <a href=\"https:\/\/madeiraisland.news\/?post_type=post&amp;p=1208598\" target=\"_blank\" rel=\"nofollow\" class=\"\">Read more<\/a>\n                            <\/div>\n            <\/div>\n\n    \n    \n\n    <div class=\"wprss-feed-meta\">\n                    <span class=\"feed-source\">\n                Source:\n                Casos do dia\n            <\/span>\n        \n                                                                        \n                    <span class=\"time-ago\">\n                Published on 1 day ago\n            <\/span>\n        \n            <\/div>\n<\/li>\n\n                    <li class=\"feed-item \">\n    \n            \n        <a href=\"https:\/\/madeiraisland.news\/?post_type=post&amp;p=1208600\" target=\"_blank\" rel=\"nofollow\" class=\"\">Colis\u00e3o entre mota e carro faz um ferido no Lugar de Baixo<\/a>\n\n    <div class=\"thumbnail-excerpt wprss-feed-thumbnail\">\n                                \n            \n                                            \n                    <div class=\"thumbnail-excerpt wprss-feed-excerpt\">\n                \n                Os Bombeiros Mistos da Ribeira Brava e da Ponta do Sol foram mobilizados, esta tarde, para o Lugar de Baixo, na sequ\u00eancia de uma colis\u00e3o entre uma mota e um...\n                                    <a href=\"https:\/\/madeiraisland.news\/?post_type=post&amp;p=1208600\" target=\"_blank\" rel=\"nofollow\" class=\"\">Read more<\/a>\n                            <\/div>\n            <\/div>\n\n    \n    \n\n    <div class=\"wprss-feed-meta\">\n                    <span class=\"feed-source\">\n                Source:\n                Casos do dia\n            <\/span>\n        \n                                                                        \n                    <span class=\"time-ago\">\n                Published on 1 day ago\n            <\/span>\n        \n            <\/div>\n<\/li>\n\n                    <li class=\"feed-item \">\n    \n            \n        <a href=\"https:\/\/madeiraisland.news\/?post_type=post&amp;p=1208594\" target=\"_blank\" rel=\"nofollow\" class=\"\">CMF assinala amanh\u00e3 Dia Mundial da Sa\u00fade Sexual, com sess\u00e3o de entrada livre<\/a>\n\n    <div class=\"thumbnail-excerpt wprss-feed-thumbnail\">\n                                \n            \n                                            \n                    <div class=\"thumbnail-excerpt wprss-feed-excerpt\">\n                \n                O Munic\u00edpio do Funchal assinala o Dia Mundial da Sa\u00fade Sexual, com uma iniciativa, de entrada livre, \u00a0dedicada \u00e0 reflex\u00e3o e ao debate sobre a sa\u00fade sexual enquanto dimens\u00e3o fundamental...\n                                    <a href=\"https:\/\/madeiraisland.news\/?post_type=post&amp;p=1208594\" target=\"_blank\" rel=\"nofollow\" class=\"\">Read more<\/a>\n                            <\/div>\n            <\/div>\n\n    \n    \n\n    <div class=\"wprss-feed-meta\">\n                    <span class=\"feed-source\">\n                Source:\n                Funchal Not\u00edcias\n            <\/span>\n        \n                                                                        \n                    <span class=\"time-ago\">\n                Published on 1 day ago\n            <\/span>\n        \n            <\/div>\n<\/li>\n\n                    <li class=\"feed-item \">\n    \n            \n        <a href=\"https:\/\/madeiraisland.news\/?post_type=post&amp;p=1208596\" target=\"_blank\" rel=\"nofollow\" class=\"\">JPP diz que dificuldade em recrutar pescadores evidencia urg\u00eancia de nova estrat\u00e9gia<\/a>\n\n    <div class=\"thumbnail-excerpt wprss-feed-thumbnail\">\n                                \n            \n                                            \n                    <div class=\"thumbnail-excerpt wprss-feed-excerpt\">\n                \n                O JPP entende que as dificuldades sentidas pelos maiores atuneiros da Regi\u00e3o em recrutar pescadores constituem mais um sinal de alerta sobre os problemas estruturais que afectam o presente e...\n                                    <a href=\"https:\/\/madeiraisland.news\/?post_type=post&amp;p=1208596\" target=\"_blank\" rel=\"nofollow\" class=\"\">Read more<\/a>\n                            <\/div>\n            <\/div>\n\n    \n    \n\n    <div class=\"wprss-feed-meta\">\n                    <span class=\"feed-source\">\n                Source:\n                Funchal Not\u00edcias\n            <\/span>\n        \n                                                                        \n                    <span class=\"time-ago\">\n                Published on 1 day ago\n            <\/span>\n        \n            <\/div>\n<\/li>\n\n                    <li class=\"feed-item \">\n    \n            \n        <a href=\"https:\/\/madeiraisland.news\/?post_type=post&amp;p=1208591\" target=\"_blank\" rel=\"nofollow\" class=\"\">Mo\u00e7\u00e3o de censura do Chega ao Governo vai ser discutida no Parlamento a 08 de setembro<\/a>\n\n    <div class=\"thumbnail-excerpt wprss-feed-thumbnail\">\n                                \n            \n                                            \n                    <div class=\"thumbnail-excerpt wprss-feed-excerpt\">\n                \n                A mo\u00e7\u00e3o de censura do Chega ao Governo vai ser discutida a 08 de Setembro, ainda durante a primeira sess\u00e3o legislativa da actual legislatura, decidiu a confer\u00eancia de l\u00edderes. O...\n                                    <a href=\"https:\/\/madeiraisland.news\/?post_type=post&amp;p=1208591\" target=\"_blank\" rel=\"nofollow\" class=\"\">Read more<\/a>\n                            <\/div>\n            <\/div>\n\n    \n    \n\n    <div class=\"wprss-feed-meta\">\n                    <span class=\"feed-source\">\n                Source:\n                Pais\n            <\/span>\n        \n                                                                        \n                    <span class=\"time-ago\">\n                Published on 1 day ago\n            <\/span>\n        \n            <\/div>\n<\/li>\n\n                    <li class=\"feed-item \">\n    \n            \n        <a href=\"https:\/\/madeiraisland.news\/?post_type=post&amp;p=1208586\" target=\"_blank\" rel=\"nofollow\" class=\"\">PS quer resposta sobre o tr\u00e2nsito no Funchal e insiste na urg\u00eancia da Pol\u00edcia Municipal<\/a>\n\n    <div class=\"thumbnail-excerpt wprss-feed-thumbnail\">\n                                \n            \n                                            \n                    <div class=\"thumbnail-excerpt wprss-feed-excerpt\">\n                \n                Na reuni\u00e3o de C\u00e2mara realizada hoje, o PS, atrav\u00e9s do vereador Rui Caetano, voltou a colocar no centro do debate pol\u00edtico duas das maiores preocupa\u00e7\u00f5es da popula\u00e7\u00e3o: a mobilidade e...\n                                    <a href=\"https:\/\/madeiraisland.news\/?post_type=post&amp;p=1208586\" target=\"_blank\" rel=\"nofollow\" class=\"\">Read more<\/a>\n                            <\/div>\n            <\/div>\n\n    \n    \n\n    <div class=\"wprss-feed-meta\">\n                    <span class=\"feed-source\">\n                Source:\n                Funchal Not\u00edcias\n            <\/span>\n        \n                                                                        \n                    <span class=\"time-ago\">\n                Published on 1 day ago\n            <\/span>\n        \n            <\/div>\n<\/li>\n\n                    <li class=\"feed-item \">\n    \n            \n        <a href=\"https:\/\/madeiraisland.news\/?post_type=post&amp;p=1208588\" target=\"_blank\" rel=\"nofollow\" class=\"\">Livre apresenta voto de solidariedade para com jornalistas da ag\u00eancia Lusa<\/a>\n\n    <div class=\"thumbnail-excerpt wprss-feed-thumbnail\">\n                                \n            \n                                            \n                    <div class=\"thumbnail-excerpt wprss-feed-excerpt\">\n                \n                O Livre apresentou hoje um voto de solidariedade para com os jornalistas da ag\u00eancia Lusa depois de o deputado do Chega Pedro Fraz\u00e3o ter divulgado um v\u00eddeo no qual amea\u00e7a...\n                                    <a href=\"https:\/\/madeiraisland.news\/?post_type=post&amp;p=1208588\" target=\"_blank\" rel=\"nofollow\" class=\"\">Read more<\/a>\n                            <\/div>\n            <\/div>\n\n    \n    \n\n    <div class=\"wprss-feed-meta\">\n                    <span class=\"feed-source\">\n                Source:\n                Pais\n            <\/span>\n        \n                                                                        \n                    <span class=\"time-ago\">\n                Published on 1 day ago\n            <\/span>\n        \n            <\/div>\n<\/li>\n\n                    <li class=\"feed-item \">\n    \n            \n        <a href=\"https:\/\/madeiraisland.news\/?post_type=post&amp;p=1208580\" target=\"_blank\" rel=\"nofollow\" class=\"\">Homem de 42 anos detido por atear florestal fogo em Montalegre<\/a>\n\n    <div class=\"thumbnail-excerpt wprss-feed-thumbnail\">\n                                \n            \n                                            \n                    <div class=\"thumbnail-excerpt wprss-feed-excerpt\">\n                \n                Um homem de 42 anos foi detido pela suspeita de ter ateado um inc\u00eandio florestal ocorrido a 18 de Agosto em Solveira, concelho de Montalegre, anunciou hoje a Pol\u00edcia Judici\u00e1ria...\n                                    <a href=\"https:\/\/madeiraisland.news\/?post_type=post&amp;p=1208580\" target=\"_blank\" rel=\"nofollow\" class=\"\">Read more<\/a>\n                            <\/div>\n            <\/div>\n\n    \n    \n\n    <div class=\"wprss-feed-meta\">\n                    <span class=\"feed-source\">\n                Source:\n                Pais\n            <\/span>\n        \n                                                                        \n                    <span class=\"time-ago\">\n                Published on 1 day ago\n            <\/span>\n        \n            <\/div>\n<\/li>\n\n                    <li class=\"feed-item \">\n    \n            \n        <a href=\"https:\/\/madeiraisland.news\/?post_type=post&amp;p=1208576\" target=\"_blank\" rel=\"nofollow\" class=\"\">AEP celebra 113 anos de exist\u00eancia dia 5 no Parque Ecol\u00f3gico do Funchal<\/a>\n\n    <div class=\"thumbnail-excerpt wprss-feed-thumbnail\">\n                                \n            \n                                            \n                    <div class=\"thumbnail-excerpt wprss-feed-excerpt\">\n                \n                No pr\u00f3ximo dia 5 de Setembro, s\u00e1bado, a Associa\u00e7\u00e3o dos Escoteiros de Portugal celebrar\u00e1 o seu 113.\u00ba anivers\u00e1rio. Desde a sua funda\u00e7\u00e3o, a 6 de Setembro de 1913, s\u00e3o 113...\n                                    <a href=\"https:\/\/madeiraisland.news\/?post_type=post&amp;p=1208576\" target=\"_blank\" rel=\"nofollow\" class=\"\">Read more<\/a>\n                            <\/div>\n            <\/div>\n\n    \n    \n\n    <div class=\"wprss-feed-meta\">\n                    <span class=\"feed-source\">\n                Source:\n                Funchal Not\u00edcias\n            <\/span>\n        \n                                                                        \n                    <span class=\"time-ago\">\n                Published on 1 day ago\n            <\/span>\n        \n            <\/div>\n<\/li>\n\n                    <li class=\"feed-item \">\n    \n            \n        <a href=\"https:\/\/madeiraisland.news\/?post_type=post&amp;p=1208583\" target=\"_blank\" rel=\"nofollow\" class=\"\">Quatro meios a\u00e9reos e 169 bombeiros combatem fogo na Lourinh\u00e3<\/a>\n\n    <div class=\"thumbnail-excerpt wprss-feed-thumbnail\">\n                                \n            \n                                            \n                    <div class=\"thumbnail-excerpt wprss-feed-excerpt\">\n                \n                Quatro meios a\u00e9reos e 169 bombeiros est\u00e3o a combater um inc\u00eandio no Planalto das Cezaredas, no concelho da Lourinh\u00e3, disse fonte do Sub-Comando de Emerg\u00eancia e Prote\u00e7\u00e3o Civil do Oeste....\n                                    <a href=\"https:\/\/madeiraisland.news\/?post_type=post&amp;p=1208583\" target=\"_blank\" rel=\"nofollow\" class=\"\">Read more<\/a>\n                            <\/div>\n            <\/div>\n\n    \n    \n\n    <div class=\"wprss-feed-meta\">\n                    <span class=\"feed-source\">\n                Source:\n                Pais\n            <\/span>\n        \n                                                                        \n                    <span class=\"time-ago\">\n                Published on 1 day ago\n            <\/span>\n        \n            <\/div>\n<\/li>\n\n                    <li class=\"feed-item \">\n    \n            \n        <a href=\"https:\/\/madeiraisland.news\/?post_type=post&amp;p=1208578\" target=\"_blank\" rel=\"nofollow\" class=\"\">JPP acusa PSD\/CDS de menosprezar queixas dos moradores do Lazareto acerca da ETAR<\/a>\n\n    <div class=\"thumbnail-excerpt wprss-feed-thumbnail\">\n                                \n            \n                                            \n                    <div class=\"thumbnail-excerpt wprss-feed-excerpt\">\n                \n                Os vereadores do Juntos Pelo Povo (JPP) na C\u00e2mara Municipal do Funchal vieram lamentar publicamente a rejei\u00e7\u00e3o, por parte da maioria PSD\/CDS, da Proposta de Recomenda\u00e7\u00e3o apresentada pelo partido que...\n                                    <a href=\"https:\/\/madeiraisland.news\/?post_type=post&amp;p=1208578\" target=\"_blank\" rel=\"nofollow\" class=\"\">Read more<\/a>\n                            <\/div>\n            <\/div>\n\n    \n    \n\n    <div class=\"wprss-feed-meta\">\n                    <span class=\"feed-source\">\n                Source:\n                Funchal Not\u00edcias\n            <\/span>\n        \n                                                                        \n                    <span class=\"time-ago\">\n                Published on 1 day ago\n            <\/span>\n        \n            <\/div>\n<\/li>\n\n                    <li class=\"feed-item \">\n    \n            \n        <a href=\"https:\/\/madeiraisland.news\/?post_type=post&amp;p=1208572\" target=\"_blank\" rel=\"nofollow\" class=\"\">Mais de 150 madeirenses constituem representa\u00e7\u00e3o insular na \u201c50\u00aa Festa do Avante!\u201d<\/a>\n\n    <div class=\"thumbnail-excerpt wprss-feed-thumbnail\">\n                                \n            \n                                            \n                    <div class=\"thumbnail-excerpt wprss-feed-excerpt\">\n                \n                A Organiza\u00e7\u00e3o Regional da Madeira do PCP estar\u00e1 presente na 50.\u00aa Festa do Avante!, que decorre de 4 a 6 de Setembro, na Atalaia, Amora, Seixal, com uma delega\u00e7\u00e3o de...\n                                    <a href=\"https:\/\/madeiraisland.news\/?post_type=post&amp;p=1208572\" target=\"_blank\" rel=\"nofollow\" class=\"\">Read more<\/a>\n                            <\/div>\n            <\/div>\n\n    \n    \n\n    <div class=\"wprss-feed-meta\">\n                    <span class=\"feed-source\">\n                Source:\n                Funchal Not\u00edcias\n            <\/span>\n        \n                                                                        \n                    <span class=\"time-ago\">\n                Published on 1 day ago\n            <\/span>\n        \n            <\/div>\n<\/li>\n\n                    <li class=\"feed-item \">\n    \n            \n        <a href=\"https:\/\/madeiraisland.news\/?post_type=post&amp;p=1208574\" target=\"_blank\" rel=\"nofollow\" class=\"\">Liberais apontam que Estado, GR e C\u00e2maras devem esclarecer se t\u00eam interesse na casa de Lourdes Castro<\/a>\n\n    <div class=\"thumbnail-excerpt wprss-feed-thumbnail\">\n                                \n            \n                                            \n                    <div class=\"thumbnail-excerpt wprss-feed-excerpt\">\n                \n                A Iniciativa Liberal emitiu uma nota considerando que a pol\u00e9mica em torno da anunciada venda da casa de Lourdes Castro, pelo respectivo propriet\u00e1rio, \u00e9 bem reveladora da forma como o...\n                                    <a href=\"https:\/\/madeiraisland.news\/?post_type=post&amp;p=1208574\" target=\"_blank\" rel=\"nofollow\" class=\"\">Read more<\/a>\n                            <\/div>\n            <\/div>\n\n    \n    \n\n    <div class=\"wprss-feed-meta\">\n                    <span class=\"feed-source\">\n                Source:\n                Funchal Not\u00edcias\n            <\/span>\n        \n                                                                        \n                    <span class=\"time-ago\">\n                Published on 1 day ago\n            <\/span>\n        \n            <\/div>\n<\/li>\n\n                    <li class=\"feed-item \">\n    \n            \n        <a href=\"https:\/\/madeiraisland.news\/?post_type=post&amp;p=1208568\" target=\"_blank\" rel=\"nofollow\" class=\"\">PSD-M afirmou ontem valorizar o pastoreio organizado<\/a>\n\n    <div class=\"thumbnail-excerpt wprss-feed-thumbnail\">\n                                \n            \n                                            \n                    <div class=\"thumbnail-excerpt wprss-feed-excerpt\">\n                \n                Os deputados do PSD-M estiveram ontem no terreno, numa iniciativa com uma associa\u00e7\u00e3o respons\u00e1vel pela gest\u00e3o e acompanhamento de um rebanho numa zona de serra, destacando a import\u00e2ncia do pastoreio...\n                                    <a href=\"https:\/\/madeiraisland.news\/?post_type=post&amp;p=1208568\" target=\"_blank\" rel=\"nofollow\" class=\"\">Read more<\/a>\n                            <\/div>\n            <\/div>\n\n    \n    \n\n    <div class=\"wprss-feed-meta\">\n                    <span class=\"feed-source\">\n                Source:\n                Funchal Not\u00edcias\n            <\/span>\n        \n                                                                        \n                    <span class=\"time-ago\">\n                Published on 1 day ago\n            <\/span>\n        \n            <\/div>\n<\/li>\n\n                    <li class=\"feed-item \">\n    \n            \n        <a href=\"https:\/\/madeiraisland.news\/?post_type=post&amp;p=1208570\" target=\"_blank\" rel=\"nofollow\" class=\"\">C\u00e2mara do Funchal colocar abrigos na nova paragem do Largo do Pelourinho<\/a>\n\n    <div class=\"thumbnail-excerpt wprss-feed-thumbnail\">\n                                \n            \n                                            \n                    <div class=\"thumbnail-excerpt wprss-feed-excerpt\">\n                \n                O Funchal vai aumentar as Bolsas de Estudo do Ensino Superior em mais de 20%, como deu nota p\u00fablica o presidente da autarquia, ap\u00f3s a Reuni\u00e3o de C\u00e2mara, hoje realizada,...\n                                    <a href=\"https:\/\/madeiraisland.news\/?post_type=post&amp;p=1208570\" target=\"_blank\" rel=\"nofollow\" class=\"\">Read more<\/a>\n                            <\/div>\n            <\/div>\n\n    \n    \n\n    <div class=\"wprss-feed-meta\">\n                    <span class=\"feed-source\">\n                Source:\n                Funchal Not\u00edcias\n            <\/span>\n        \n                                                                        \n                    <span class=\"time-ago\">\n                Published on 1 day ago\n            <\/span>\n        \n            <\/div>\n<\/li>\n\n                    <li class=\"feed-item \">\n    \n            \n        <a href=\"https:\/\/madeiraisland.news\/?post_type=post&amp;p=1208566\" target=\"_blank\" rel=\"nofollow\" class=\"\">Limpeza preventiva corta tr\u00e2nsito na Conde Carvalhal<\/a>\n\n    <div class=\"thumbnail-excerpt wprss-feed-thumbnail\">\n                                \n            \n                                            \n                    <div class=\"thumbnail-excerpt wprss-feed-excerpt\">\n                \n                A circula\u00e7\u00e3o rodovi\u00e1ria e pedonal est\u00e1 interrompida, esta tarde, na Rua Conde Carvalhal, no Funchal, devido \u00e0 realiza\u00e7\u00e3o de trabalhos preventivos com recurso aos rocheiros da Direc\u00e7\u00e3o Regional de Estradas....\n                                    <a href=\"https:\/\/madeiraisland.news\/?post_type=post&amp;p=1208566\" target=\"_blank\" rel=\"nofollow\" class=\"\">Read more<\/a>\n                            <\/div>\n            <\/div>\n\n    \n    \n\n    <div class=\"wprss-feed-meta\">\n                    <span class=\"feed-source\">\n                Source:\n                Casos do dia\n            <\/span>\n        \n                                                                        \n                    <span class=\"time-ago\">\n                Published on 1 day ago\n            <\/span>\n        \n            <\/div>\n<\/li>\n\n                    <li class=\"feed-item \">\n    \n            \n        <a href=\"https:\/\/madeiraisland.news\/?post_type=post&amp;p=1208564\" target=\"_blank\" rel=\"nofollow\" class=\"\">Senhor do Bom Jesus \u2013 F\u00e9, Tradi\u00e7\u00e3o e Patrim\u00f3nio da Costa Norte \u2013 Ponta Delgada \u2013 Madeira<\/a>\n\n    <div class=\"thumbnail-excerpt wprss-feed-thumbnail\">\n                                \n            \n                                            \n                    <div class=\"thumbnail-excerpt wprss-feed-excerpt\">\n                \n                AF! O Senhor Bom Jesus de Ponta Delgada \u00e9 uma das devo\u00e7\u00f5es religiosas mais antigas e marcantes da Madeira. Venerado na freguesia de Ponta Delgada, no concelho de S\u00e3o Vicente,...\n                                    <a href=\"https:\/\/madeiraisland.news\/?post_type=post&amp;p=1208564\" target=\"_blank\" rel=\"nofollow\" class=\"\">Read more<\/a>\n                            <\/div>\n            <\/div>\n\n    \n    \n\n    <div class=\"wprss-feed-meta\">\n                    <span class=\"feed-source\">\n                Source:\n                Funchal Not\u00edcias\n            <\/span>\n        \n                                                                        \n                    <span class=\"time-ago\">\n                Published on 1 day ago\n            <\/span>\n        \n            <\/div>\n<\/li>\n\n                    <li class=\"feed-item \">\n    \n            \n        <a href=\"https:\/\/madeiraisland.news\/?post_type=post&amp;p=1208562\" target=\"_blank\" rel=\"nofollow\" class=\"\">Madeira acolhe o 52.\u00ba anivers\u00e1rio do Estado-Maior-General das For\u00e7as Armadas<\/a>\n\n    <div class=\"thumbnail-excerpt wprss-feed-thumbnail\">\n                                \n            \n                                            \n                    <div class=\"thumbnail-excerpt wprss-feed-excerpt\">\n                \n                O Estado-Maior-General das For\u00e7as Armadas (EMGFA) celebra hoje, 3 de setembro, o 52.\u00ba anivers\u00e1rio e assinala a data com o an\u00fancio do local escolhido para acolher as comemora\u00e7\u00f5es deste ano....\n                                    <a href=\"https:\/\/madeiraisland.news\/?post_type=post&amp;p=1208562\" target=\"_blank\" rel=\"nofollow\" class=\"\">Read more<\/a>\n                            <\/div>\n            <\/div>\n\n    \n    \n\n    <div class=\"wprss-feed-meta\">\n                    <span class=\"feed-source\">\n                Source:\n                Funchal Not\u00edcias\n            <\/span>\n        \n                                                                        \n                    <span class=\"time-ago\">\n                Published on 1 day ago\n            <\/span>\n        \n            <\/div>\n<\/li>\n\n                    <li class=\"feed-item \">\n    \n            \n        <a href=\"https:\/\/madeiraisland.news\/?post_type=post&amp;p=1208558\" target=\"_blank\" rel=\"nofollow\" class=\"\">Sorcery \u00e9 o primeiro veleiro a cortar a meta da XXIV Regata Internacional Can\u00e1rias \u2013 Madeira<\/a>\n\n    <div class=\"thumbnail-excerpt wprss-feed-thumbnail\">\n                                \n            \n                                            \n                    <div class=\"thumbnail-excerpt wprss-feed-excerpt\">\n                \n                O\u00a0Sorcery, de\u00a0Ant\u00f3nio Lu\u00eds Hern\u00e1ndez Manchado, foi o primeiro veleiro a cortar a linha de chegada da\u00a0XXIV Regata Internacional Can\u00e1rias \u2013 Madeira, confirmando a lideran\u00e7a na travessia entre o arquip\u00e9lago das...\n                                    <a href=\"https:\/\/madeiraisland.news\/?post_type=post&amp;p=1208558\" target=\"_blank\" rel=\"nofollow\" class=\"\">Read more<\/a>\n                            <\/div>\n            <\/div>\n\n    \n    \n\n    <div class=\"wprss-feed-meta\">\n                    <span class=\"feed-source\">\n                Source:\n                Funchal Not\u00edcias\n            <\/span>\n        \n                                                                        \n                    <span class=\"time-ago\">\n                Published on 1 day ago\n            <\/span>\n        \n            <\/div>\n<\/li>\n\n                    <li class=\"feed-item \">\n    \n            \n        <a href=\"https:\/\/madeiraisland.news\/?post_type=post&amp;p=1208560\" target=\"_blank\" rel=\"nofollow\" class=\"\">Tro\u00e7o do Passeio Mar\u00edtimo da Praia Formosa\u2013Socorridos encerrado<\/a>\n\n    <div class=\"thumbnail-excerpt wprss-feed-thumbnail\">\n                                \n            \n                                            \n                    <div class=\"thumbnail-excerpt wprss-feed-excerpt\">\n                \n                As Sociedades de Desenvolvimento t\u00eam vindo a desencadear, desde o primeiro alerta, um conjunto de a\u00e7\u00f5es de car\u00e1cter preventivo e t\u00e9cnico com o objetivo de salvaguardar a seguran\u00e7a dos utilizadores...\n                                    <a href=\"https:\/\/madeiraisland.news\/?post_type=post&amp;p=1208560\" target=\"_blank\" rel=\"nofollow\" class=\"\">Read more<\/a>\n                            <\/div>\n            <\/div>\n\n    \n    \n\n    <div class=\"wprss-feed-meta\">\n                    <span class=\"feed-source\">\n                Source:\n                Funchal Not\u00edcias\n            <\/span>\n        \n                                                                        \n                    <span class=\"time-ago\">\n                Published on 1 day ago\n            <\/span>\n        \n            <\/div>\n<\/li>\n\n                    <li class=\"feed-item \">\n    \n            \n        <a href=\"https:\/\/madeiraisland.news\/?post_type=post&amp;p=1208555\" target=\"_blank\" rel=\"nofollow\" class=\"\">Montenegro afirma que Lu\u00eds Neves tem mostrado aptid\u00e3o para resolver problemas<\/a>\n\n    <div class=\"thumbnail-excerpt wprss-feed-thumbnail\">\n                                \n            \n                                            \n                    <div class=\"thumbnail-excerpt wprss-feed-excerpt\">\n                \n                O primeiro-ministro afirmou hoje que o ministro da Administra\u00e7\u00e3o Interna tem mostrado aptid\u00e3o para resolver os problemas nos seus setores de responsabilidade e adiantou que est\u00e1 tranquilo em rela\u00e7\u00e3o a...\n                                    <a href=\"https:\/\/madeiraisland.news\/?post_type=post&amp;p=1208555\" target=\"_blank\" rel=\"nofollow\" class=\"\">Read more<\/a>\n                            <\/div>\n            <\/div>\n\n    \n    \n\n    <div class=\"wprss-feed-meta\">\n                    <span class=\"feed-source\">\n                Source:\n                Pais\n            <\/span>\n        \n                                                                        \n                    <span class=\"time-ago\">\n                Published on 1 day ago\n            <\/span>\n        \n            <\/div>\n<\/li>\n\n                    <li class=\"feed-item \">\n    \n            \n        <a href=\"https:\/\/madeiraisland.news\/?post_type=post&amp;p=1208552\" target=\"_blank\" rel=\"nofollow\" class=\"\">Um ano ap\u00f3s acidente \u00e9 dia de homenagear as v\u00edtimas do elevador da Gl\u00f3ria<\/a>\n\n    <div class=\"thumbnail-excerpt wprss-feed-thumbnail\">\n                                \n            \n                                            \n                    <div class=\"thumbnail-excerpt wprss-feed-excerpt\">\n                \n                O\u00a0presidente da C\u00e2mara de Lisboa, Carlos Moedas, considerou que hoje \u00e9 dia para recordar as v\u00edtimas, em declara\u00e7\u00f5es ap\u00f3s a cerim\u00f3nia que assinalou um ano do descarrilamento do elevador da...\n                                    <a href=\"https:\/\/madeiraisland.news\/?post_type=post&amp;p=1208552\" target=\"_blank\" rel=\"nofollow\" class=\"\">Read more<\/a>\n                            <\/div>\n            <\/div>\n\n    \n    \n\n    <div class=\"wprss-feed-meta\">\n                    <span class=\"feed-source\">\n                Source:\n                Pais\n            <\/span>\n        \n                                                                        \n                    <span class=\"time-ago\">\n                Published on 1 day ago\n            <\/span>\n        \n            <\/div>\n<\/li>\n\n                    <li class=\"feed-item \">\n    \n            \n        <a href=\"https:\/\/madeiraisland.news\/?post_type=post&amp;p=1208550\" target=\"_blank\" rel=\"nofollow\" class=\"\">Queda na varanda mobiliza bombeiros na Travessa Costa Dias<\/a>\n\n    <div class=\"thumbnail-excerpt wprss-feed-thumbnail\">\n                                \n            \n                                            \n                    <div class=\"thumbnail-excerpt wprss-feed-excerpt\">\n                \n                Os Bombeiros Volunt\u00e1rios Madeirenses foram accionados, h\u00e1 instantes, para a Travessa Costa Dias, no Funchal, para uma abertura de porta com socorro. Segundo foi poss\u00edvel apurar, o alerta foi dado...\n                                    <a href=\"https:\/\/madeiraisland.news\/?post_type=post&amp;p=1208550\" target=\"_blank\" rel=\"nofollow\" class=\"\">Read more<\/a>\n                            <\/div>\n            <\/div>\n\n    \n    \n\n    <div class=\"wprss-feed-meta\">\n                    <span class=\"feed-source\">\n                Source:\n                Casos do dia\n            <\/span>\n        \n                                                                        \n                    <span class=\"time-ago\">\n                Published on 1 day ago\n            <\/span>\n        \n            <\/div>\n<\/li>\n\n                    <li class=\"feed-item \">\n    \n            \n        <a href=\"https:\/\/madeiraisland.news\/?post_type=post&amp;p=1208548\" target=\"_blank\" rel=\"nofollow\" class=\"\">Acidente na Rua 5 de Outubro provoca dois feridos<\/a>\n\n    <div class=\"thumbnail-excerpt wprss-feed-thumbnail\">\n                                \n            \n                                            \n                    <div class=\"thumbnail-excerpt wprss-feed-excerpt\">\n                \n                O acidente rodovi\u00e1rio que ocorreu, esta manh\u00e3, na Rua 5 de Outubro, no Funchal, provocou pelo menos dois feridos. Os Bombeiros Volunt\u00e1rios Madeirenses transportaram para o hospital um homem, na...\n                                    <a href=\"https:\/\/madeiraisland.news\/?post_type=post&amp;p=1208548\" target=\"_blank\" rel=\"nofollow\" class=\"\">Read more<\/a>\n                            <\/div>\n            <\/div>\n\n    \n    \n\n    <div class=\"wprss-feed-meta\">\n                    <span class=\"feed-source\">\n                Source:\n                Casos do dia\n            <\/span>\n        \n                                                                        \n                    <span class=\"time-ago\">\n                Published on 1 day ago\n            <\/span>\n        \n            <\/div>\n<\/li>\n\n                    <li class=\"feed-item \">\n    \n            \n        <a href=\"https:\/\/madeiraisland.news\/?post_type=post&amp;p=1208546\" target=\"_blank\" rel=\"nofollow\" class=\"\">Viol\u00eancia dom\u00e9stica termina \u00e0 facada no Jardim da Serra<\/a>\n\n    <div class=\"thumbnail-excerpt wprss-feed-thumbnail\">\n                                \n            \n                                            \n                    <div class=\"thumbnail-excerpt wprss-feed-excerpt\">\n                \n                A Pol\u00edcia de Seguran\u00e7a P\u00fablica (PSP) est\u00e1 a investigar uma agress\u00e3o com recurso a arma branca, ocorrida na noite desta quarta-feira, no Jardim da Serra, em contexto de viol\u00eancia dom\u00e9stica....\n                                    <a href=\"https:\/\/madeiraisland.news\/?post_type=post&amp;p=1208546\" target=\"_blank\" rel=\"nofollow\" class=\"\">Read more<\/a>\n                            <\/div>\n            <\/div>\n\n    \n    \n\n    <div class=\"wprss-feed-meta\">\n                    <span class=\"feed-source\">\n                Source:\n                Casos do dia\n            <\/span>\n        \n                                                                        \n                    <span class=\"time-ago\">\n                Published on 1 day ago\n            <\/span>\n        \n            <\/div>\n<\/li>\n\n                    <li class=\"feed-item \">\n    \n            \n        <a href=\"https:\/\/madeiraisland.news\/?post_type=post&amp;p=1208543\" target=\"_blank\" rel=\"nofollow\" class=\"\">\u00c9poca especial de exames do ensino secund\u00e1rio come\u00e7a hoje<\/a>\n\n    <div class=\"thumbnail-excerpt wprss-feed-thumbnail\">\n                                \n            \n                                            \n                    <div class=\"thumbnail-excerpt wprss-feed-excerpt\">\n                \n                A \u00e9poca especial de exames do ensino secund\u00e1rio come\u00e7a hoje com mais de 43.000 inscritos, estando aberta a todos os alunos eleg\u00edveis para as provas da 2.\u00aa fase, independentemente de...\n                                    <a href=\"https:\/\/madeiraisland.news\/?post_type=post&amp;p=1208543\" target=\"_blank\" rel=\"nofollow\" class=\"\">Read more<\/a>\n                            <\/div>\n            <\/div>\n\n    \n    \n\n    <div class=\"wprss-feed-meta\">\n                    <span class=\"feed-source\">\n                Source:\n                Pais\n            <\/span>\n        \n                                                                        \n                    <span class=\"time-ago\">\n                Published on 1 day ago\n            <\/span>\n        \n            <\/div>\n<\/li>\n\n                    <li class=\"feed-item \">\n    \n            \n        <a href=\"https:\/\/madeiraisland.news\/?post_type=post&amp;p=1208538\" target=\"_blank\" rel=\"nofollow\" class=\"\">Acidente condiciona tr\u00e2nsito na Rua 5 de Outubro<\/a>\n\n    <div class=\"thumbnail-excerpt wprss-feed-thumbnail\">\n                                \n            \n                                            \n                    <div class=\"thumbnail-excerpt wprss-feed-excerpt\">\n                \n                Um acidente rodovi\u00e1rio est\u00e1 a condicionar, esta manh\u00e3, a circula\u00e7\u00e3o na Rua 5 de Outubro, no Funchal, com fila de tr\u00e2nsito que j\u00e1 se estende at\u00e9 \u00e0 rotunda dos Viveiros....\n                                    <a href=\"https:\/\/madeiraisland.news\/?post_type=post&amp;p=1208538\" target=\"_blank\" rel=\"nofollow\" class=\"\">Read more<\/a>\n                            <\/div>\n            <\/div>\n\n    \n    \n\n    <div class=\"wprss-feed-meta\">\n                    <span class=\"feed-source\">\n                Source:\n                Casos do dia\n            <\/span>\n        \n                                                                        \n                    <span class=\"time-ago\">\n                Published on 1 day ago\n            <\/span>\n        \n            <\/div>\n<\/li>\n\n                    <li class=\"feed-item \">\n    \n            \n        <a href=\"https:\/\/madeiraisland.news\/?post_type=post&amp;p=1208540\" target=\"_blank\" rel=\"nofollow\" class=\"\">Pol\u00edtica nacional em destaque em v\u00e1rios jornais<\/a>\n\n    <div class=\"thumbnail-excerpt wprss-feed-thumbnail\">\n                                \n            \n                                            \n                    <div class=\"thumbnail-excerpt wprss-feed-excerpt\">\n                \n                A pol\u00edtica nacional est\u00e1 hoje em destaque em v\u00e1rios jornais. O P\u00fablico abre com uma queixa de ass\u00e9dio laboral contra um alto dirigente que est\u00e1 a causar agita\u00e7\u00e3o no Parlamento,...\n                                    <a href=\"https:\/\/madeiraisland.news\/?post_type=post&amp;p=1208540\" target=\"_blank\" rel=\"nofollow\" class=\"\">Read more<\/a>\n                            <\/div>\n            <\/div>\n\n    \n    \n\n    <div class=\"wprss-feed-meta\">\n                    <span class=\"feed-source\">\n                Source:\n                Pais\n            <\/span>\n        \n                                                                        \n                    <span class=\"time-ago\">\n                Published on 1 day ago\n            <\/span>\n        \n            <\/div>\n<\/li>\n\n                    <li class=\"feed-item \">\n    \n            \n        <a href=\"https:\/\/madeiraisland.news\/?post_type=post&amp;p=1208536\" target=\"_blank\" rel=\"nofollow\" class=\"\">Passaporte da poncha lan\u00e7ado amanh\u00e3<\/a>\n\n    <div class=\"thumbnail-excerpt wprss-feed-thumbnail\">\n                                \n            \n                                            \n                    <div class=\"thumbnail-excerpt wprss-feed-excerpt\">\n                \n                A ideia \u00e9 carimbar o passaporte ap\u00f3s os consumos nos estabelecimentos aderentes. At\u00e9 agora, por toda a ilha, j\u00e1 aderiram mais de 20 estabelecimentos de refer\u00eancia de venda de poncha....\n                                    <a href=\"https:\/\/madeiraisland.news\/?post_type=post&amp;p=1208536\" target=\"_blank\" rel=\"nofollow\" class=\"\">Read more<\/a>\n                            <\/div>\n            <\/div>\n\n    \n    \n\n    <div class=\"wprss-feed-meta\">\n                    <span class=\"feed-source\">\n                Source:\n                Funchal Not\u00edcias\n            <\/span>\n        \n                                                                        \n                    <span class=\"time-ago\">\n                Published on 1 day ago\n            <\/span>\n        \n            <\/div>\n<\/li>\n\n                    <li class=\"feed-item \">\n    \n            \n        <a href=\"https:\/\/madeiraisland.news\/?post_type=post&amp;p=1208533\" target=\"_blank\" rel=\"nofollow\" class=\"\">Pre\u00e7o do leite para os consumidores cai 2 c\u00eantimos desde Janeiro<\/a>\n\n    <div class=\"thumbnail-excerpt wprss-feed-thumbnail\">\n                                \n            \n                                            \n                    <div class=\"thumbnail-excerpt wprss-feed-excerpt\">\n                \n                Os consumidores est\u00e3o a pagar menos dois c\u00eantimos por um litro de leite meio gordo, que, em m\u00e9dia, atingiu, em julho, 0,89 euros, segundo dados do Observat\u00f3rio de Pre\u00e7os. Em...\n                                    <a href=\"https:\/\/madeiraisland.news\/?post_type=post&amp;p=1208533\" target=\"_blank\" rel=\"nofollow\" class=\"\">Read more<\/a>\n                            <\/div>\n            <\/div>\n\n    \n    \n\n    <div class=\"wprss-feed-meta\">\n                    <span class=\"feed-source\">\n                Source:\n                Pais\n            <\/span>\n        \n                                                                        \n                    <span class=\"time-ago\">\n                Published on 1 day ago\n            <\/span>\n        \n            <\/div>\n<\/li>\n\n                    <li class=\"feed-item \">\n    \n            \n        <a href=\"https:\/\/madeiraisland.news\/?post_type=post&amp;p=1208527\" target=\"_blank\" rel=\"nofollow\" class=\"\">GNR deteve mais de 8 mil condutores alcoolizados desde o in\u00edcio do ano<\/a>\n\n    <div class=\"thumbnail-excerpt wprss-feed-thumbnail\">\n                                \n            \n                                            \n                    <div class=\"thumbnail-excerpt wprss-feed-excerpt\">\n                \n                A Guarda Nacional Republicana deteve 8.438 condutores por condu\u00e7\u00e3o sob o efeito do \u00e1lcool entre 1 de Janeiro e 31 de Julho deste ano. No mesmo per\u00edodo, a GNR registou...\n                                    <a href=\"https:\/\/madeiraisland.news\/?post_type=post&amp;p=1208527\" target=\"_blank\" rel=\"nofollow\" class=\"\">Read more<\/a>\n                            <\/div>\n            <\/div>\n\n    \n    \n\n    <div class=\"wprss-feed-meta\">\n                    <span class=\"feed-source\">\n                Source:\n                Pais\n            <\/span>\n        \n                                                                        \n                    <span class=\"time-ago\">\n                Published on 1 day ago\n            <\/span>\n        \n            <\/div>\n<\/li>\n\n                    <li class=\"feed-item \">\n    \n            \n        <a href=\"https:\/\/madeiraisland.news\/?post_type=post&amp;p=1208530\" target=\"_blank\" rel=\"nofollow\" class=\"\">Onze concelhos de quatro distritos em perigo m\u00e1ximo<\/a>\n\n    <div class=\"thumbnail-excerpt wprss-feed-thumbnail\">\n                                \n            \n                                            \n                    <div class=\"thumbnail-excerpt wprss-feed-excerpt\">\n                \n                Onze concelhos dos distritos da Guarda, Santar\u00e9m, Portalegre e Faro est\u00e3o hoje em perigo m\u00e1ximo de inc\u00eandio rural, num dia em que as temperaturas v\u00e3o chegar aos 43 graus em...\n                                    <a href=\"https:\/\/madeiraisland.news\/?post_type=post&amp;p=1208530\" target=\"_blank\" rel=\"nofollow\" class=\"\">Read more<\/a>\n                            <\/div>\n            <\/div>\n\n    \n    \n\n    <div class=\"wprss-feed-meta\">\n                    <span class=\"feed-source\">\n                Source:\n                Pais\n            <\/span>\n        \n                                                                        \n                    <span class=\"time-ago\">\n                Published on 1 day ago\n            <\/span>\n        \n            <\/div>\n<\/li>\n\n                    <li class=\"feed-item \">\n    \n            \n        <a href=\"https:\/\/madeiraisland.news\/?post_type=post&amp;p=1208525\" target=\"_blank\" rel=\"nofollow\" class=\"\">Casa de Lourdes Castro agora \u00e0 venda por quatro milh\u00f5es e cem mil euros<\/a>\n\n    <div class=\"thumbnail-excerpt wprss-feed-thumbnail\">\n                                \n            \n                                            \n                    <div class=\"thumbnail-excerpt wprss-feed-excerpt\">\n                \n                A casa onde viveu no Cani\u00e7o a prestigiada artista madeirense Lourdes Castro est\u00e1 \u00e0 venda por quatro milh\u00f5es e cem mil euros, e o assunto j\u00e1 atraiu a aten\u00e7\u00e3o da...\n                                    <a href=\"https:\/\/madeiraisland.news\/?post_type=post&amp;p=1208525\" target=\"_blank\" rel=\"nofollow\" class=\"\">Read more<\/a>\n                            <\/div>\n            <\/div>\n\n    \n    \n\n    <div class=\"wprss-feed-meta\">\n                    <span class=\"feed-source\">\n                Source:\n                Funchal Not\u00edcias\n            <\/span>\n        \n                                                                        \n                    <span class=\"time-ago\">\n                Published on 2 days ago\n            <\/span>\n        \n            <\/div>\n<\/li>\n\n                    <li class=\"feed-item \">\n    \n            \n        <a href=\"https:\/\/madeiraisland.news\/?post_type=post&amp;p=1208522\" target=\"_blank\" rel=\"nofollow\" class=\"\">Rangel n\u00e3o prev\u00ea novas medidas da UE sobre Cisjord\u00e2nia at\u00e9 elei\u00e7\u00f5es em Israel<\/a>\n\n    <div class=\"thumbnail-excerpt wprss-feed-thumbnail\">\n                                \n            \n                                            \n                    <div class=\"thumbnail-excerpt wprss-feed-excerpt\">\n                \n                O ministro dos Neg\u00f3cios Estrangeiros indicou hoje que n\u00e3o \u00e9 expect\u00e1vel que a Uni\u00e3o Europeia aprove novas medidas sobre os colonatos na Cisjord\u00e2nia at\u00e9 \u00e0s elei\u00e7\u00f5es israelitas de outubro, apesar...\n                                    <a href=\"https:\/\/madeiraisland.news\/?post_type=post&amp;p=1208522\" target=\"_blank\" rel=\"nofollow\" class=\"\">Read more<\/a>\n                            <\/div>\n            <\/div>\n\n    \n    \n\n    <div class=\"wprss-feed-meta\">\n                    <span class=\"feed-source\">\n                Source:\n                Pais\n            <\/span>\n        \n                                                                        \n                    <span class=\"time-ago\">\n                Published on 2 days ago\n            <\/span>\n        \n            <\/div>\n<\/li>\n\n                    <li class=\"feed-item \">\n    \n            \n        <a href=\"https:\/\/madeiraisland.news\/?post_type=post&amp;p=1208520\" target=\"_blank\" rel=\"nofollow\" class=\"\">Vigiarte Lda. esclarece obra no Jardim do Mar, questionada pelo partido Nova Direita<\/a>\n\n    <div class=\"thumbnail-excerpt wprss-feed-thumbnail\">\n                                \n            \n                                            \n                    <div class=\"thumbnail-excerpt wprss-feed-excerpt\">\n                \n                Da Vigiarte Lda. Sociedade por quotas, com sede na Vereda das Pedras, freguesia do Jardim do Mar, concelho da Calheta, recebemos um esclarecimento referente a uma not\u00edcia publicada no passado...\n                                    <a href=\"https:\/\/madeiraisland.news\/?post_type=post&amp;p=1208520\" target=\"_blank\" rel=\"nofollow\" class=\"\">Read more<\/a>\n                            <\/div>\n            <\/div>\n\n    \n    \n\n    <div class=\"wprss-feed-meta\">\n                    <span class=\"feed-source\">\n                Source:\n                Funchal Not\u00edcias\n            <\/span>\n        \n                                                                        \n                    <span class=\"time-ago\">\n                Published on 2 days ago\n            <\/span>\n        \n            <\/div>\n<\/li>\n\n                    <li class=\"feed-item \">\n    \n            \n        <a href=\"https:\/\/madeiraisland.news\/?post_type=post&amp;p=1208517\" target=\"_blank\" rel=\"nofollow\" class=\"\">Hugo Soares considera mo\u00e7\u00e3o do Chega rid\u00edcula e n\u00e3o acredita que PR envie \"recados por amigos\"<\/a>\n\n    <div class=\"thumbnail-excerpt wprss-feed-thumbnail\">\n                                \n            \n                                            \n                    <div class=\"thumbnail-excerpt wprss-feed-excerpt\">\n                \n                O l\u00edder parlamentar do PSD classificou hoje como rid\u00edcula a mo\u00e7\u00e3o do Chega ao Governo e disse n\u00e3o acreditar que o Presidente da Rep\u00fablica envie &quot;recados por amigos&quot; ao Governo,...\n                                    <a href=\"https:\/\/madeiraisland.news\/?post_type=post&amp;p=1208517\" target=\"_blank\" rel=\"nofollow\" class=\"\">Read more<\/a>\n                            <\/div>\n            <\/div>\n\n    \n    \n\n    <div class=\"wprss-feed-meta\">\n                    <span class=\"feed-source\">\n                Source:\n                Pais\n            <\/span>\n        \n                                                                        \n                    <span class=\"time-ago\">\n                Published on 2 days ago\n            <\/span>\n        \n            <\/div>\n<\/li>\n\n                    <li class=\"feed-item \">\n    \n            \n        <a href=\"https:\/\/madeiraisland.news\/?post_type=post&amp;p=1208514\" target=\"_blank\" rel=\"nofollow\" class=\"\">Veja se acertou na chave do Totoloto<\/a>\n\n    <div class=\"thumbnail-excerpt wprss-feed-thumbnail\">\n                                \n            \n                                            \n                    <div class=\"thumbnail-excerpt wprss-feed-excerpt\">\n                \n                J\u00e1 \u00e9 conhecida a chave do Totoloto desta quarta-feira.\u00a0 O conjunto \u00e9 composto pelos n\u00fameros 5 - 7 - 8 - 29 e 45. O n\u00famero da sorte \u00e9 o...\n                                    <a href=\"https:\/\/madeiraisland.news\/?post_type=post&amp;p=1208514\" target=\"_blank\" rel=\"nofollow\" class=\"\">Read more<\/a>\n                            <\/div>\n            <\/div>\n\n    \n    \n\n    <div class=\"wprss-feed-meta\">\n                    <span class=\"feed-source\">\n                Source:\n                Pais\n            <\/span>\n        \n                                                                        \n                    <span class=\"time-ago\">\n                Published on 2 days ago\n            <\/span>\n        \n            <\/div>\n<\/li>\n\n                    <li class=\"feed-item \">\n    \n            \n        <a href=\"https:\/\/madeiraisland.news\/?post_type=post&amp;p=1208511\" target=\"_blank\" rel=\"nofollow\" class=\"\">Aguiar-Branco remete para l\u00edderes parlamentares se mo\u00e7\u00e3o de censura \u00e9 debatida a 10 ou 17 de Setembro<\/a>\n\n    <div class=\"thumbnail-excerpt wprss-feed-thumbnail\">\n                                \n            \n                                            \n                    <div class=\"thumbnail-excerpt wprss-feed-excerpt\">\n                \n                A confer\u00eancia de l\u00edderes parlamentares vai decidir na quinta-feira se o debate da mo\u00e7\u00e3o de censura do Chega ao Governo se realiza a 10 ou 17 de setembro, segundo um...\n                                    <a href=\"https:\/\/madeiraisland.news\/?post_type=post&amp;p=1208511\" target=\"_blank\" rel=\"nofollow\" class=\"\">Read more<\/a>\n                            <\/div>\n            <\/div>\n\n    \n    \n\n    <div class=\"wprss-feed-meta\">\n                    <span class=\"feed-source\">\n                Source:\n                Pais\n            <\/span>\n        \n                                                                        \n                    <span class=\"time-ago\">\n                Published on 2 days ago\n            <\/span>\n        \n            <\/div>\n<\/li>\n\n                    <li class=\"feed-item \">\n    \n            \n        <a href=\"https:\/\/madeiraisland.news\/?post_type=post&amp;p=1208509\" target=\"_blank\" rel=\"nofollow\" class=\"\">Areias retiradas da marina do Porto Santo depositadas em zona de Bandeira Azul<\/a>\n\n    <div class=\"thumbnail-excerpt wprss-feed-thumbnail\">\n                                \n            \n                                            \n                    <div class=\"thumbnail-excerpt wprss-feed-excerpt\">\n                \n                Rui Marote As obras de requalifica\u00e7\u00e3o e escava\u00e7\u00e3o na Marina do Porto Santo\u00a0 j\u00e1 est\u00e3o em curso para melhorar as condi\u00e7\u00f5es de operacionalidade e seguran\u00e7a da infraestrutura. A interven\u00e7\u00e3o no...\n                                    <a href=\"https:\/\/madeiraisland.news\/?post_type=post&amp;p=1208509\" target=\"_blank\" rel=\"nofollow\" class=\"\">Read more<\/a>\n                            <\/div>\n            <\/div>\n\n    \n    \n\n    <div class=\"wprss-feed-meta\">\n                    <span class=\"feed-source\">\n                Source:\n                Funchal Not\u00edcias\n            <\/span>\n        \n                                                                        \n                    <span class=\"time-ago\">\n                Published on 2 days ago\n            <\/span>\n        \n            <\/div>\n<\/li>\n\n                    <li class=\"feed-item \">\n    \n            \n        <a href=\"https:\/\/madeiraisland.news\/?post_type=post&amp;p=1208506\" target=\"_blank\" rel=\"nofollow\" class=\"\">Mo\u00e7\u00e3o de censura do CDS-PP ao Governo em 1994 s\u00f3 foi debatida depois das f\u00e9rias parlamentares<\/a>\n\n    <div class=\"thumbnail-excerpt wprss-feed-thumbnail\">\n                                \n            \n                                            \n                    <div class=\"thumbnail-excerpt wprss-feed-excerpt\">\n                \n                Em 1994, uma mo\u00e7\u00e3o de censura ao Governo apresentada pelo CDS-PP s\u00f3 foi debatida depois de terminado o per\u00edodo de f\u00e9rias parlamentares, com base num parecer da Comiss\u00e3o de Assuntos...\n                                    <a href=\"https:\/\/madeiraisland.news\/?post_type=post&amp;p=1208506\" target=\"_blank\" rel=\"nofollow\" class=\"\">Read more<\/a>\n                            <\/div>\n            <\/div>\n\n    \n    \n\n    <div class=\"wprss-feed-meta\">\n                    <span class=\"feed-source\">\n                Source:\n                Pais\n            <\/span>\n        \n                                                                        \n                    <span class=\"time-ago\">\n                Published on 2 days ago\n            <\/span>\n        \n            <\/div>\n<\/li>\n\n                    <li class=\"feed-item \">\n    \n            \n        <a href=\"https:\/\/madeiraisland.news\/?post_type=post&amp;p=1208504\" target=\"_blank\" rel=\"nofollow\" class=\"\">Queda de pedras de grandes dimens\u00f5es na Eira do Serrado<\/a>\n\n    <div class=\"thumbnail-excerpt wprss-feed-thumbnail\">\n                                \n            \n                                            \n                    <div class=\"thumbnail-excerpt wprss-feed-excerpt\">\n                \n                Uma queda de pedras de grandes dimens\u00f5es ocorreu, esta tarde, na Estrada da Eira do Serrado, no concelho de C\u00e2mara de Lobos. Nas fotografias enviadas ao DI\u00c1RIO \u00e9 poss\u00edvel observar...\n                                    <a href=\"https:\/\/madeiraisland.news\/?post_type=post&amp;p=1208504\" target=\"_blank\" rel=\"nofollow\" class=\"\">Read more<\/a>\n                            <\/div>\n            <\/div>\n\n    \n    \n\n    <div class=\"wprss-feed-meta\">\n                    <span class=\"feed-source\">\n                Source:\n                Casos do dia\n            <\/span>\n        \n                                                                        \n                    <span class=\"time-ago\">\n                Published on 2 days ago\n            <\/span>\n        \n            <\/div>\n<\/li>\n\n                    <li class=\"feed-item \">\n    \n            \n        <a href=\"https:\/\/madeiraisland.news\/?post_type=post&amp;p=1208500\" target=\"_blank\" rel=\"nofollow\" class=\"\">Nova paragem no Pelourinho estreia com autocarros em fila e passageiros perdidos<\/a>\n\n    <div class=\"thumbnail-excerpt wprss-feed-thumbnail\">\n                                \n            \n                                            \n                    <div class=\"thumbnail-excerpt wprss-feed-excerpt\">\n                \n                A nova paragem de autocarros no Largo do Pelourinho entrou hoje em funcionamento, mas a mudan\u00e7a j\u00e1 est\u00e1 a provocar alguns constrangimentos e confus\u00e3o entre os passageiros que circulam pelo...\n                                    <a href=\"https:\/\/madeiraisland.news\/?post_type=post&amp;p=1208500\" target=\"_blank\" rel=\"nofollow\" class=\"\">Read more<\/a>\n                            <\/div>\n            <\/div>\n\n    \n    \n\n    <div class=\"wprss-feed-meta\">\n                    <span class=\"feed-source\">\n                Source:\n                Casos do dia\n            <\/span>\n        \n                                                                        \n                    <span class=\"time-ago\">\n                Published on 2 days ago\n            <\/span>\n        \n            <\/div>\n<\/li>\n\n                    <li class=\"feed-item \">\n    \n            \n        <a href=\"https:\/\/madeiraisland.news\/?post_type=post&amp;p=1208502\" target=\"_blank\" rel=\"nofollow\" class=\"\">Chega vai mesmo avan\u00e7ar com mo\u00e7\u00e3o de censura ao Governo central<\/a>\n\n    <div class=\"thumbnail-excerpt wprss-feed-thumbnail\">\n                                \n            \n                                            \n                    <div class=\"thumbnail-excerpt wprss-feed-excerpt\">\n                \n                O partido Chega avan\u00e7ar\u00e1 com uma mo\u00e7\u00e3o de censura ao Governo no \u00e2mbito da pol\u00e9mica que cerca o ministro da Administra\u00e7\u00e3o Interna, Lu\u00eds Neves, segundo referiu hoje Andr\u00e9 Ventura, dirigente...\n                                    <a href=\"https:\/\/madeiraisland.news\/?post_type=post&amp;p=1208502\" target=\"_blank\" rel=\"nofollow\" class=\"\">Read more<\/a>\n                            <\/div>\n            <\/div>\n\n    \n    \n\n    <div class=\"wprss-feed-meta\">\n                    <span class=\"feed-source\">\n                Source:\n                Funchal Not\u00edcias\n            <\/span>\n        \n                                                                        \n                    <span class=\"time-ago\">\n                Published on 2 days ago\n            <\/span>\n        \n            <\/div>\n<\/li>\n\n                    <li class=\"feed-item \">\n    \n            \n        <a href=\"https:\/\/madeiraisland.news\/?post_type=post&amp;p=1208497\" target=\"_blank\" rel=\"nofollow\" class=\"\">Aguiar-Branco convoca confer\u00eancia de l\u00edderes para 5.\u00aa feira para decidir data da mo\u00e7\u00e3o de censura do Chega<\/a>\n\n    <div class=\"thumbnail-excerpt wprss-feed-thumbnail\">\n                                \n            \n                                            \n                    <div class=\"thumbnail-excerpt wprss-feed-excerpt\">\n                \n                O presidente da Assembleia da Rep\u00fablica anunciou hoje que convocou para quinta-feira uma confer\u00eancia de l\u00edderes extraordin\u00e1ria para decidir a data em que ser\u00e1 debatida e votada a mo\u00e7\u00e3o de...\n                                    <a href=\"https:\/\/madeiraisland.news\/?post_type=post&amp;p=1208497\" target=\"_blank\" rel=\"nofollow\" class=\"\">Read more<\/a>\n                            <\/div>\n            <\/div>\n\n    \n    \n\n    <div class=\"wprss-feed-meta\">\n                    <span class=\"feed-source\">\n                Source:\n                Pais\n            <\/span>\n        \n                                                                        \n                    <span class=\"time-ago\">\n                Published on 2 days ago\n            <\/span>\n        \n            <\/div>\n<\/li>\n\n                    <li class=\"feed-item \">\n    \n            \n        <a href=\"https:\/\/madeiraisland.news\/?post_type=post&amp;p=1208493\" target=\"_blank\" rel=\"nofollow\" class=\"\">Novo navio da ARDITI j\u00e1 est\u00e1 constru\u00eddo e entra agora em fase de testes<\/a>\n\n    <div class=\"thumbnail-excerpt wprss-feed-thumbnail\">\n                                \n            \n                                            \n                    <div class=\"thumbnail-excerpt wprss-feed-excerpt\">\n                \n                O novo navio de investiga\u00e7\u00e3o da ARDITI, financiado pelo investimento C10-i06 RAM \u2013 Tecnologias Oce\u00e2nicas \u2013 Plano de Recupera\u00e7\u00e3o e Resili\u00eancia (PRR), concluiu a sua constru\u00e7\u00e3o no passado dia 28...\n                                    <a href=\"https:\/\/madeiraisland.news\/?post_type=post&amp;p=1208493\" target=\"_blank\" rel=\"nofollow\" class=\"\">Read more<\/a>\n                            <\/div>\n            <\/div>\n\n    \n    \n\n    <div class=\"wprss-feed-meta\">\n                    <span class=\"feed-source\">\n                Source:\n                Funchal Not\u00edcias\n            <\/span>\n        \n                                                                        \n                    <span class=\"time-ago\">\n                Published on 2 days ago\n            <\/span>\n        \n            <\/div>\n<\/li>\n\n                    <li class=\"feed-item \">\n    \n            \n        <a href=\"https:\/\/madeiraisland.news\/?post_type=post&amp;p=1208495\" target=\"_blank\" rel=\"nofollow\" class=\"\">C\u00e2mara da Ponta do Sol assegura \u201ctranspar\u00eancia\u201d no processo da nova Esquadra da PSP<\/a>\n\n    <div class=\"thumbnail-excerpt wprss-feed-thumbnail\">\n                                \n            \n                                            \n                    <div class=\"thumbnail-excerpt wprss-feed-excerpt\">\n                \n                A C\u00e2mara Municipal da Ponta do Sol veio esclarecer que o processo relativo \u00e0 constru\u00e7\u00e3o da nova Esquadra da PSP est\u00e1 a ser conduzido com transpar\u00eancia, rigor e sentido de...\n                                    <a href=\"https:\/\/madeiraisland.news\/?post_type=post&amp;p=1208495\" target=\"_blank\" rel=\"nofollow\" class=\"\">Read more<\/a>\n                            <\/div>\n            <\/div>\n\n    \n    \n\n    <div class=\"wprss-feed-meta\">\n                    <span class=\"feed-source\">\n                Source:\n                Funchal Not\u00edcias\n            <\/span>\n        \n                                                                        \n                    <span class=\"time-ago\">\n                Published on 2 days ago\n            <\/span>\n        \n            <\/div>\n<\/li>\n\n                    <li class=\"feed-item \">\n    \n            \n        <a href=\"https:\/\/madeiraisland.news\/?post_type=post&amp;p=1208490\" target=\"_blank\" rel=\"nofollow\" class=\"\">Ventura diz que se PS n\u00e3o acompanhar censura, quer continuidade de Lu\u00eds Neves<\/a>\n\n    <div class=\"thumbnail-excerpt wprss-feed-thumbnail\">\n                                \n            \n                                            \n                    <div class=\"thumbnail-excerpt wprss-feed-excerpt\">\n                \n                O l\u00edder do Chega, Andr\u00e9 Ventura, considerou hoje que se o PS n\u00e3o acompanhar a mo\u00e7\u00e3o de censura que o seu partido apresentou, \u00e9 sinal de que quer a continuidade...\n                                    <a href=\"https:\/\/madeiraisland.news\/?post_type=post&amp;p=1208490\" target=\"_blank\" rel=\"nofollow\" class=\"\">Read more<\/a>\n                            <\/div>\n            <\/div>\n\n    \n    \n\n    <div class=\"wprss-feed-meta\">\n                    <span class=\"feed-source\">\n                Source:\n                Pais\n            <\/span>\n        \n                                                                        \n                    <span class=\"time-ago\">\n                Published on 2 days ago\n            <\/span>\n        \n            <\/div>\n<\/li>\n\n                    <li class=\"feed-item \">\n    \n            \n        <a href=\"https:\/\/madeiraisland.news\/?post_type=post&amp;p=1208488\" target=\"_blank\" rel=\"nofollow\" class=\"\">JPP diz que falta de t\u00e9cnicos de diagn\u00f3stico resulta de \u201cdesinvestimento humano\u201d<\/a>\n\n    <div class=\"thumbnail-excerpt wprss-feed-thumbnail\">\n                                \n            \n                                            \n                    <div class=\"thumbnail-excerpt wprss-feed-excerpt\">\n                \n                O Juntos Pelo Povo (JPP) veio considerar que a recente paralisia de v\u00e1rias salas de exames e o adiamento sistem\u00e1tico de atos m\u00e9dicos urgentes e oncol\u00f3gicos \u201cn\u00e3o s\u00e3o meros imprevistos,...\n                                    <a href=\"https:\/\/madeiraisland.news\/?post_type=post&amp;p=1208488\" target=\"_blank\" rel=\"nofollow\" class=\"\">Read more<\/a>\n                            <\/div>\n            <\/div>\n\n    \n    \n\n    <div class=\"wprss-feed-meta\">\n                    <span class=\"feed-source\">\n                Source:\n                Funchal Not\u00edcias\n            <\/span>\n        \n                                                                        \n                    <span class=\"time-ago\">\n                Published on 2 days ago\n            <\/span>\n        \n            <\/div>\n<\/li>\n\n                    <li class=\"feed-item \">\n    \n            \n        <a href=\"https:\/\/madeiraisland.news\/?post_type=post&amp;p=1208484\" target=\"_blank\" rel=\"nofollow\" class=\"\">Ordem dos Engenheiros T\u00e9cnicos assinala hoje efem\u00e9ride<\/a>\n\n    <div class=\"thumbnail-excerpt wprss-feed-thumbnail\">\n                                \n            \n                                            \n                    <div class=\"thumbnail-excerpt wprss-feed-excerpt\">\n                \n                A Ordem dos Engenheiros T\u00e9cnicos (OET) assinala hoje, dia 2 de Setembro, 27 anos do reconhecimento como Associa\u00e7\u00e3o P\u00fablica Profissional e 15 anos da cria\u00e7\u00e3o da Ordem. A efem\u00e9ride serve...\n                                    <a href=\"https:\/\/madeiraisland.news\/?post_type=post&amp;p=1208484\" target=\"_blank\" rel=\"nofollow\" class=\"\">Read more<\/a>\n                            <\/div>\n            <\/div>\n\n    \n    \n\n    <div class=\"wprss-feed-meta\">\n                    <span class=\"feed-source\">\n                Source:\n                Funchal Not\u00edcias\n            <\/span>\n        \n                                                                        \n                    <span class=\"time-ago\">\n                Published on 2 days ago\n            <\/span>\n        \n            <\/div>\n<\/li>\n\n                    <li class=\"feed-item \">\n    \n            \n        <a href=\"https:\/\/madeiraisland.news\/?post_type=post&amp;p=1208486\" target=\"_blank\" rel=\"nofollow\" class=\"\">ADN divulga extenso comunicado defendendo os direitos dos agentes da PSP<\/a>\n\n    <div class=\"thumbnail-excerpt wprss-feed-thumbnail\">\n                                \n            \n                                            \n                    <div class=\"thumbnail-excerpt wprss-feed-excerpt\">\n                \n                O partido ADN veio dizer hoje que depois de tr\u00eas dias de visita \u00e0 Madeira, o pr\u00f3prio ministro da Administra\u00e7\u00e3o Interna reconheceu que Portugal sofre as consequ\u00eancias de \u201cd\u00e9cadas de...\n                                    <a href=\"https:\/\/madeiraisland.news\/?post_type=post&amp;p=1208486\" target=\"_blank\" rel=\"nofollow\" class=\"\">Read more<\/a>\n                            <\/div>\n            <\/div>\n\n    \n    \n\n    <div class=\"wprss-feed-meta\">\n                    <span class=\"feed-source\">\n                Source:\n                Funchal Not\u00edcias\n            <\/span>\n        \n                                                                        \n                    <span class=\"time-ago\">\n                Published on 2 days ago\n            <\/span>\n        \n            <\/div>\n<\/li>\n\n                    <li class=\"feed-item \">\n    \n            \n        <a href=\"https:\/\/madeiraisland.news\/?post_type=post&amp;p=1208482\" target=\"_blank\" rel=\"nofollow\" class=\"\">Bordal com nova colec\u00e7\u00e3o inspirada no Vinho Madeira<\/a>\n\n    <div class=\"thumbnail-excerpt wprss-feed-thumbnail\">\n                                \n            \n                                            \n                    <div class=\"thumbnail-excerpt wprss-feed-excerpt\">\n                \n                A\u00a0Bordal \u2013 Bordados da Madeira apresenta uma nova colec\u00e7\u00e3o inspirada no Vinho Madeira, unindo dois patrim\u00f3nios profundamente ligados \u00e0 hist\u00f3ria, \u00e0 cultura e \u00e0 identidade da Regi\u00e3o: o\u00a0Bordado Madeira e...\n                                    <a href=\"https:\/\/madeiraisland.news\/?post_type=post&amp;p=1208482\" target=\"_blank\" rel=\"nofollow\" class=\"\">Read more<\/a>\n                            <\/div>\n            <\/div>\n\n    \n    \n\n    <div class=\"wprss-feed-meta\">\n                    <span class=\"feed-source\">\n                Source:\n                Funchal Not\u00edcias\n            <\/span>\n        \n                                                                        \n                    <span class=\"time-ago\">\n                Published on 2 days ago\n            <\/span>\n        \n            <\/div>\n<\/li>\n\n                    <li class=\"feed-item \">\n    \n            \n        <a href=\"https:\/\/madeiraisland.news\/?post_type=post&amp;p=1208477\" target=\"_blank\" rel=\"nofollow\" class=\"\">Turista alem\u00e3 de 72 anos fractura a perna em hotel no Funchal<\/a>\n\n    <div class=\"thumbnail-excerpt wprss-feed-thumbnail\">\n                                \n            \n                                            \n                    <div class=\"thumbnail-excerpt wprss-feed-excerpt\">\n                \n                Uma turista alem\u00e3, de 72 anos, ficou ferida numa perna na sequ\u00eancia de uma queda ocorrida na unidade hoteleira onde se encontra hospedada, no Funchal. O alerta foi dado \u00e0...\n                                    <a href=\"https:\/\/madeiraisland.news\/?post_type=post&amp;p=1208477\" target=\"_blank\" rel=\"nofollow\" class=\"\">Read more<\/a>\n                            <\/div>\n            <\/div>\n\n    \n    \n\n    <div class=\"wprss-feed-meta\">\n                    <span class=\"feed-source\">\n                Source:\n                Casos do dia\n            <\/span>\n        \n                                                                        \n                    <span class=\"time-ago\">\n                Published on 2 days ago\n            <\/span>\n        \n            <\/div>\n<\/li>\n\n                    <li class=\"feed-item \">\n    \n            \n        <a href=\"https:\/\/madeiraisland.news\/?post_type=post&amp;p=1208479\" target=\"_blank\" rel=\"nofollow\" class=\"\">Mo\u00e7\u00e3o de censura do Chega ser\u00e1 primeira do actual Governo e terceira contra executivos de Montenegro<\/a>\n\n    <div class=\"thumbnail-excerpt wprss-feed-thumbnail\">\n                                \n            \n                                            \n                    <div class=\"thumbnail-excerpt wprss-feed-excerpt\">\n                \n                A mo\u00e7\u00e3o de censura hoje anunciada pelo Chega vai ser a primeira ao XXV Governo Constitucional, a terceira a executivos PSD\/CDS-PP liderados por Lu\u00eds Montenegro e a 37.\u00aa em democracia....\n                                    <a href=\"https:\/\/madeiraisland.news\/?post_type=post&amp;p=1208479\" target=\"_blank\" rel=\"nofollow\" class=\"\">Read more<\/a>\n                            <\/div>\n            <\/div>\n\n    \n    \n\n    <div class=\"wprss-feed-meta\">\n                    <span class=\"feed-source\">\n                Source:\n                Pais\n            <\/span>\n        \n                                                                        \n                    <span class=\"time-ago\">\n                Published on 2 days ago\n            <\/span>\n        \n            <\/div>\n<\/li>\n\n                    <li class=\"feed-item \">\n    \n            \n        <a href=\"https:\/\/madeiraisland.news\/?post_type=post&amp;p=1208472\" target=\"_blank\" rel=\"nofollow\" class=\"\">Par\u00f3quia da Encarna\u00e7\u00e3o celebra festa do Sant\u00edssimo Sacramento<\/a>\n\n    <div class=\"thumbnail-excerpt wprss-feed-thumbnail\">\n                                \n            \n                                            \n                    <div class=\"thumbnail-excerpt wprss-feed-excerpt\">\n                \n                S\u00edlvio Mendes No pr\u00f3ximo domingo, 6 de setembro, na igreja paroquial da Encarna\u00e7\u00e3o, situada na freguesia do Estreito de C\u00e2mara de Lobos, ser\u00e1 celebrada a festa do Sant\u00edssimo Sacramento. \u00c3...\n                                    <a href=\"https:\/\/madeiraisland.news\/?post_type=post&amp;p=1208472\" target=\"_blank\" rel=\"nofollow\" class=\"\">Read more<\/a>\n                            <\/div>\n            <\/div>\n\n    \n    \n\n    <div class=\"wprss-feed-meta\">\n                    <span class=\"feed-source\">\n                Source:\n                Funchal Not\u00edcias\n            <\/span>\n        \n                                                                        \n                    <span class=\"time-ago\">\n                Published on 2 days ago\n            <\/span>\n        \n            <\/div>\n<\/li>\n\n                    <li class=\"feed-item \">\n    \n            \n        <a href=\"https:\/\/madeiraisland.news\/?post_type=post&amp;p=1208474\" target=\"_blank\" rel=\"nofollow\" class=\"\">Chega avan\u00e7a com mo\u00e7\u00e3o de censura ao Governo<\/a>\n\n    <div class=\"thumbnail-excerpt wprss-feed-thumbnail\">\n                                \n            \n                                            \n                    <div class=\"thumbnail-excerpt wprss-feed-excerpt\">\n                \n                O Chega vai avan\u00e7ar com uma mo\u00e7\u00e3o de censura ao Governo na sequ\u00eancia das pol\u00e9micas que envolvem o ministro da Administra\u00e7\u00e3o Interna, anunciou hoje o l\u00edder do partido, indicando que...\n                                    <a href=\"https:\/\/madeiraisland.news\/?post_type=post&amp;p=1208474\" target=\"_blank\" rel=\"nofollow\" class=\"\">Read more<\/a>\n                            <\/div>\n            <\/div>\n\n    \n    \n\n    <div class=\"wprss-feed-meta\">\n                    <span class=\"feed-source\">\n                Source:\n                Pais\n            <\/span>\n        \n                                                                        \n                    <span class=\"time-ago\">\n                Published on 2 days ago\n            <\/span>\n        \n            <\/div>\n<\/li>\n\n                    <li class=\"feed-item \">\n    \n            \n        <a href=\"https:\/\/madeiraisland.news\/?post_type=post&amp;p=1208468\" target=\"_blank\" rel=\"nofollow\" class=\"\">PSP e SESARAM realizam o 1.\u00ba Encontro \u201cSeguran\u00e7a e Sa\u00fade\u201d<\/a>\n\n    <div class=\"thumbnail-excerpt wprss-feed-thumbnail\">\n                                \n            \n                                            \n                    <div class=\"thumbnail-excerpt wprss-feed-excerpt\">\n                \n                O Comando Regional da Madeira da Pol\u00edcia de Seguran\u00e7a P\u00fablica, em colabora\u00e7\u00e3o com o Servi\u00e7o de Sa\u00fade da Regi\u00e3o Aut\u00f3noma da Madeira (SESARAM, EPERAM), promove, no pr\u00f3ximo dia 3 de...\n                                    <a href=\"https:\/\/madeiraisland.news\/?post_type=post&amp;p=1208468\" target=\"_blank\" rel=\"nofollow\" class=\"\">Read more<\/a>\n                            <\/div>\n            <\/div>\n\n    \n    \n\n    <div class=\"wprss-feed-meta\">\n                    <span class=\"feed-source\">\n                Source:\n                Funchal Not\u00edcias\n            <\/span>\n        \n                                                                        \n                    <span class=\"time-ago\">\n                Published on 2 days ago\n            <\/span>\n        \n            <\/div>\n<\/li>\n\n                    <li class=\"feed-item \">\n    \n            \n        <a href=\"https:\/\/madeiraisland.news\/?post_type=post&amp;p=1208470\" target=\"_blank\" rel=\"nofollow\" class=\"\">CHEGA quer suplemento de miss\u00e3o e fixa\u00e7\u00e3o para for\u00e7as de seguran\u00e7a na Madeira<\/a>\n\n    <div class=\"thumbnail-excerpt wprss-feed-thumbnail\">\n                                \n            \n                                            \n                    <div class=\"thumbnail-excerpt wprss-feed-excerpt\">\n                \n                O Grupo Parlamentar do CHEGA na Assembleia Legislativa da Regi\u00e3o Aut\u00f3noma da Madeira vai formalizar a entrega de um Projecto de Proposta de Lei \u00e0 Assembleia da Rep\u00fablica para a...\n                                    <a href=\"https:\/\/madeiraisland.news\/?post_type=post&amp;p=1208470\" target=\"_blank\" rel=\"nofollow\" class=\"\">Read more<\/a>\n                            <\/div>\n            <\/div>\n\n    \n    \n\n    <div class=\"wprss-feed-meta\">\n                    <span class=\"feed-source\">\n                Source:\n                Funchal Not\u00edcias\n            <\/span>\n        \n                                                                        \n                    <span class=\"time-ago\">\n                Published on 2 days ago\n            <\/span>\n        \n            <\/div>\n<\/li>\n\n                    <li class=\"feed-item \">\n    \n            \n        <a href=\"https:\/\/madeiraisland.news\/?post_type=post&amp;p=1208464\" target=\"_blank\" rel=\"nofollow\" class=\"\">PS-M apresenta voto de congratula\u00e7\u00e3o \u00e0 atleta Francisca Henriques<\/a>\n\n    <div class=\"thumbnail-excerpt wprss-feed-thumbnail\">\n                                \n            \n                                            \n                    <div class=\"thumbnail-excerpt wprss-feed-excerpt\">\n                \n                Os deputados do Partido Socialista deram entrada, na Assembleia Regional, de um Voto de Congratula\u00e7\u00e3o \u00e0 atleta madeirense Francisca Henriques, assinalando a conquista da medalha de prata na prova de...\n                                    <a href=\"https:\/\/madeiraisland.news\/?post_type=post&amp;p=1208464\" target=\"_blank\" rel=\"nofollow\" class=\"\">Read more<\/a>\n                            <\/div>\n            <\/div>\n\n    \n    \n\n    <div class=\"wprss-feed-meta\">\n                    <span class=\"feed-source\">\n                Source:\n                Funchal Not\u00edcias\n            <\/span>\n        \n                                                                        \n                    <span class=\"time-ago\">\n                Published on 2 days ago\n            <\/span>\n        \n            <\/div>\n<\/li>\n\n                    <li class=\"feed-item \">\n    \n            \n        <a href=\"https:\/\/madeiraisland.news\/?post_type=post&amp;p=1208466\" target=\"_blank\" rel=\"nofollow\" class=\"\">RAM concorre com sete patrim\u00f3nios \u00e0 meia final das \u201cNovas 7 Maravilhas de Portugal\u201d<\/a>\n\n    <div class=\"thumbnail-excerpt wprss-feed-thumbnail\">\n                                \n            \n                                            \n                    <div class=\"thumbnail-excerpt wprss-feed-excerpt\">\n                \n                A Madeira leva sete patrim\u00f3nios \u00e0 meia-final das Novas 7 Maravilhas de Portugal, marcada para s\u00e1bado, 5 de -Setembro, no Pal\u00e1cio Nacional de Sintra, numa vota\u00e7\u00e3o que definir\u00e1 os 21...\n                                    <a href=\"https:\/\/madeiraisland.news\/?post_type=post&amp;p=1208466\" target=\"_blank\" rel=\"nofollow\" class=\"\">Read more<\/a>\n                            <\/div>\n            <\/div>\n\n    \n    \n\n    <div class=\"wprss-feed-meta\">\n                    <span class=\"feed-source\">\n                Source:\n                Funchal Not\u00edcias\n            <\/span>\n        \n                                                                        \n                    <span class=\"time-ago\">\n                Published on 2 days ago\n            <\/span>\n        \n            <\/div>\n<\/li>\n\n                    <li class=\"feed-item \">\n    \n            \n        <a href=\"https:\/\/madeiraisland.news\/?post_type=post&amp;p=1208459\" target=\"_blank\" rel=\"nofollow\" class=\"\">Mulher atropelada junto a passadeira no Funchal<\/a>\n\n    <div class=\"thumbnail-excerpt wprss-feed-thumbnail\">\n                                \n            \n                                            \n                    <div class=\"thumbnail-excerpt wprss-feed-excerpt\">\n                \n                Um atropelamento ocorrido na tarde desta quarta-feira na Avenida Calouste Gulbenkian, no Funchal, provocou um ferido ligeiro. O acidente ocorreu pouco depois das 15h30 junto \u00e0 passadeira com sem\u00e1foro existente...\n                                    <a href=\"https:\/\/madeiraisland.news\/?post_type=post&amp;p=1208459\" target=\"_blank\" rel=\"nofollow\" class=\"\">Read more<\/a>\n                            <\/div>\n            <\/div>\n\n    \n    \n\n    <div class=\"wprss-feed-meta\">\n                    <span class=\"feed-source\">\n                Source:\n                Casos do dia\n            <\/span>\n        \n                                                                        \n                    <span class=\"time-ago\">\n                Published on 2 days ago\n            <\/span>\n        \n            <\/div>\n<\/li>\n\n                    <li class=\"feed-item \">\n    \n            \n        <a href=\"https:\/\/madeiraisland.news\/?post_type=post&amp;p=1208461\" target=\"_blank\" rel=\"nofollow\" class=\"\">Aguiar Branco defende nos A\u00e7ores refor\u00e7o e aprofundamento das autonomias<\/a>\n\n    <div class=\"thumbnail-excerpt wprss-feed-thumbnail\">\n                                \n            \n                                            \n                    <div class=\"thumbnail-excerpt wprss-feed-excerpt\">\n                \n                O presidente da Assembleia da Rep\u00fablica, Jos\u00e9 Pedro Aguiar Branco, defendeu hoje que as autonomias dos A\u00e7ores e da Madeira devem ser &quot;refor\u00e7adas&quot; e &quot;aprofundadas&quot;, para melhor servirem as popula\u00e7\u00f5es...\n                                    <a href=\"https:\/\/madeiraisland.news\/?post_type=post&amp;p=1208461\" target=\"_blank\" rel=\"nofollow\" class=\"\">Read more<\/a>\n                            <\/div>\n            <\/div>\n\n    \n    \n\n    <div class=\"wprss-feed-meta\">\n                    <span class=\"feed-source\">\n                Source:\n                Pais\n            <\/span>\n        \n                                                                        \n                    <span class=\"time-ago\">\n                Published on 2 days ago\n            <\/span>\n        \n            <\/div>\n<\/li>\n\n                    <li class=\"feed-item \">\n    \n            \n        <a href=\"https:\/\/madeiraisland.news\/?post_type=post&amp;p=1208456\" target=\"_blank\" rel=\"nofollow\" class=\"\">Cabaz alimentar volta a subir 2,11 euros na \u00faltima semana para 254,73 euros<\/a>\n\n    <div class=\"thumbnail-excerpt wprss-feed-thumbnail\">\n                                \n            \n                                            \n                    <div class=\"thumbnail-excerpt wprss-feed-excerpt\">\n                \n                O cabaz alimentar composto por 63 bens essenciais monitorizado pela Deco Proteste voltou a aumentar 2,11 euros na \u00faltima semana, fixando-se nos 254,73 euros, informou hoje a associa\u00e7\u00e3o de defesa...\n                                    <a href=\"https:\/\/madeiraisland.news\/?post_type=post&amp;p=1208456\" target=\"_blank\" rel=\"nofollow\" class=\"\">Read more<\/a>\n                            <\/div>\n            <\/div>\n\n    \n    \n\n    <div class=\"wprss-feed-meta\">\n                    <span class=\"feed-source\">\n                Source:\n                Pais\n            <\/span>\n        \n                                                                        \n                    <span class=\"time-ago\">\n                Published on 2 days ago\n            <\/span>\n        \n            <\/div>\n<\/li>\n\n                    <li class=\"feed-item \">\n    \n            \n        <a href=\"https:\/\/madeiraisland.news\/?post_type=post&amp;p=1208454\" target=\"_blank\" rel=\"nofollow\" class=\"\">PS denuncia duplica\u00e7\u00e3o do pre\u00e7o da obra da esquadra da PSP na Ponta do Sol<\/a>\n\n    <div class=\"thumbnail-excerpt wprss-feed-thumbnail\">\n                                \n            \n                                            \n                    <div class=\"thumbnail-excerpt wprss-feed-excerpt\">\n                \n                O PS da Ponta do Sol emitiu um comunicado no qual diz que, tendo tomado conhecimento das declara\u00e7\u00f5es do presidente da C\u00e2mara Municipal da Ponta do Sol, Rui Marques, do...\n                                    <a href=\"https:\/\/madeiraisland.news\/?post_type=post&amp;p=1208454\" target=\"_blank\" rel=\"nofollow\" class=\"\">Read more<\/a>\n                            <\/div>\n            <\/div>\n\n    \n    \n\n    <div class=\"wprss-feed-meta\">\n                    <span class=\"feed-source\">\n                Source:\n                Funchal Not\u00edcias\n            <\/span>\n        \n                                                                        \n                    <span class=\"time-ago\">\n                Published on 2 days ago\n            <\/span>\n        \n            <\/div>\n<\/li>\n\n                    <li class=\"feed-item \">\n    \n            \n        <a href=\"https:\/\/madeiraisland.news\/?post_type=post&amp;p=1208452\" target=\"_blank\" rel=\"nofollow\" class=\"\">Continente promove cinema na Madeira com \u201cO Diabo Veste Prada 2\u201d<\/a>\n\n    <div class=\"thumbnail-excerpt wprss-feed-thumbnail\">\n                                \n            \n                                            \n                    <div class=\"thumbnail-excerpt wprss-feed-excerpt\">\n                \n                \u00c9 j\u00e1 no pr\u00f3ximo dia 9 de Setembro que o Ver\u00e3o Continente vai marcar presen\u00e7a no Funchal. O Cinema na Pra\u00e7a vai transmitir o filme \u2018O Diabo Veste Prada 2\u2019,\u00a0protagonizado...\n                                    <a href=\"https:\/\/madeiraisland.news\/?post_type=post&amp;p=1208452\" target=\"_blank\" rel=\"nofollow\" class=\"\">Read more<\/a>\n                            <\/div>\n            <\/div>\n\n    \n    \n\n    <div class=\"wprss-feed-meta\">\n                    <span class=\"feed-source\">\n                Source:\n                Funchal Not\u00edcias\n            <\/span>\n        \n                                                                        \n                    <span class=\"time-ago\">\n                Published on 2 days ago\n            <\/span>\n        \n            <\/div>\n<\/li>\n\n                    <li class=\"feed-item \">\n    \n            \n        <a href=\"https:\/\/madeiraisland.news\/?post_type=post&amp;p=1208448\" target=\"_blank\" rel=\"nofollow\" class=\"\">Capotamento na Cancela causa um ferido ligeiro<\/a>\n\n    <div class=\"thumbnail-excerpt wprss-feed-thumbnail\">\n                                \n            \n                                            \n                    <div class=\"thumbnail-excerpt wprss-feed-excerpt\">\n                \n                Um autom\u00f3vel ligeiro capotou na tarde desta quarta-feira na Estrada do Aeroporto, junto ao Entreposto da Cancela, no concelho de Santa Cruz, provocando um ferido ligeiro e constrangimentos na circula\u00e7\u00e3o...\n                                    <a href=\"https:\/\/madeiraisland.news\/?post_type=post&amp;p=1208448\" target=\"_blank\" rel=\"nofollow\" class=\"\">Read more<\/a>\n                            <\/div>\n            <\/div>\n\n    \n    \n\n    <div class=\"wprss-feed-meta\">\n                    <span class=\"feed-source\">\n                Source:\n                Casos do dia\n            <\/span>\n        \n                                                                        \n                    <span class=\"time-ago\">\n                Published on 2 days ago\n            <\/span>\n        \n            <\/div>\n<\/li>\n\n                    <li class=\"feed-item \">\n    \n            \n        <a href=\"https:\/\/madeiraisland.news\/?post_type=post&amp;p=1208450\" target=\"_blank\" rel=\"nofollow\" class=\"\">JPP faz balan\u00e7o positivo da visita a Jersey e dos contactos com a comunidade madeirense<\/a>\n\n    <div class=\"thumbnail-excerpt wprss-feed-thumbnail\">\n                                \n            \n                                            \n                    <div class=\"thumbnail-excerpt wprss-feed-excerpt\">\n                \n                A visita de trabalho do JPP a Jersey, refere o partido, foi uma oportunidade para conhecer de perto o pulsar de uma comunidade madeirense com uma forte presen\u00e7a na ilha...\n                                    <a href=\"https:\/\/madeiraisland.news\/?post_type=post&amp;p=1208450\" target=\"_blank\" rel=\"nofollow\" class=\"\">Read more<\/a>\n                            <\/div>\n            <\/div>\n\n    \n    \n\n    <div class=\"wprss-feed-meta\">\n                    <span class=\"feed-source\">\n                Source:\n                Funchal Not\u00edcias\n            <\/span>\n        \n                                                                        \n                    <span class=\"time-ago\">\n                Published on 2 days ago\n            <\/span>\n        \n            <\/div>\n<\/li>\n\n                    <li class=\"feed-item \">\n    \n            \n        <a href=\"https:\/\/madeiraisland.news\/?post_type=post&amp;p=1208442\" target=\"_blank\" rel=\"nofollow\" class=\"\">Seguran\u00e7a Social alerta para tentativas de fraude<\/a>\n\n    <div class=\"thumbnail-excerpt wprss-feed-thumbnail\">\n                                \n            \n                                            \n                    <div class=\"thumbnail-excerpt wprss-feed-excerpt\">\n                \n                A Seguran\u00e7a Social alerta para a exist\u00eancia de mensagens fraudulentas que est\u00e3o a ser enviadas com um &#039;link&#039; que usa indevidamente a imagem do portal do instituto, instando os cidad\u00e3os...\n                                    <a href=\"https:\/\/madeiraisland.news\/?post_type=post&amp;p=1208442\" target=\"_blank\" rel=\"nofollow\" class=\"\">Read more<\/a>\n                            <\/div>\n            <\/div>\n\n    \n    \n\n    <div class=\"wprss-feed-meta\">\n                    <span class=\"feed-source\">\n                Source:\n                Pais\n            <\/span>\n        \n                                                                        \n                    <span class=\"time-ago\">\n                Published on 2 days ago\n            <\/span>\n        \n            <\/div>\n<\/li>\n\n                    <li class=\"feed-item \">\n    \n            \n        <a href=\"https:\/\/madeiraisland.news\/?post_type=post&amp;p=1208445\" target=\"_blank\" rel=\"nofollow\" class=\"\">Elevador da Gl\u00f3ria: relat\u00f3rio do MP aguarda resultado de peritagens<\/a>\n\n    <div class=\"thumbnail-excerpt wprss-feed-thumbnail\">\n                                \n            \n                                            \n                    <div class=\"thumbnail-excerpt wprss-feed-excerpt\">\n                \n                A investiga\u00e7\u00e3o do Minist\u00e9rio P\u00fablico ao descarrilamento do ascensor da Gl\u00f3ria, em Lisboa, que provocou 16 mortos h\u00e1 um ano, aguarda a conclus\u00e3o de ensaios e peritagens prevista para o...\n                                    <a href=\"https:\/\/madeiraisland.news\/?post_type=post&amp;p=1208445\" target=\"_blank\" rel=\"nofollow\" class=\"\">Read more<\/a>\n                            <\/div>\n            <\/div>\n\n    \n    \n\n    <div class=\"wprss-feed-meta\">\n                    <span class=\"feed-source\">\n                Source:\n                Pais\n            <\/span>\n        \n                                                                        \n                    <span class=\"time-ago\">\n                Published on 2 days ago\n            <\/span>\n        \n            <\/div>\n<\/li>\n\n                    <li class=\"feed-item \">\n    \n            \n        <a href=\"https:\/\/madeiraisland.news\/?post_type=post&amp;p=1208437\" target=\"_blank\" rel=\"nofollow\" class=\"\">Evolu\u00e7\u00e3o da Ponte do Pelourinho, hoje fechada a ferros<\/a>\n\n    <div class=\"thumbnail-excerpt wprss-feed-thumbnail\">\n                                \n            \n                                            \n                    <div class=\"thumbnail-excerpt wprss-feed-excerpt\">\n                \n                Rui Marote A Ponte do Pelourinho, localizada no cora\u00e7\u00e3o do Funchal, na Ilha da Madeira, \u00e9 um dos marcos hist\u00f3ricos e arqueol\u00f3gicos mais interessantes da cidade. A sua evolu\u00e7\u00e3o est\u00e1...\n                                    <a href=\"https:\/\/madeiraisland.news\/?post_type=post&amp;p=1208437\" target=\"_blank\" rel=\"nofollow\" class=\"\">Read more<\/a>\n                            <\/div>\n            <\/div>\n\n    \n    \n\n    <div class=\"wprss-feed-meta\">\n                    <span class=\"feed-source\">\n                Source:\n                Funchal Not\u00edcias\n            <\/span>\n        \n                                                                        \n                    <span class=\"time-ago\">\n                Published on 2 days ago\n            <\/span>\n        \n            <\/div>\n<\/li>\n\n                    <li class=\"feed-item \">\n    \n            \n        <a href=\"https:\/\/madeiraisland.news\/?post_type=post&amp;p=1208439\" target=\"_blank\" rel=\"nofollow\" class=\"\">CT da Lusa apela a interven\u00e7\u00e3o de Aguiar-Branco sobre amea\u00e7as de deputado do Chega<\/a>\n\n    <div class=\"thumbnail-excerpt wprss-feed-thumbnail\">\n                                \n            \n                                            \n                    <div class=\"thumbnail-excerpt wprss-feed-excerpt\">\n                \n                A Comiss\u00e3o de Trabalhadores (CT) da Lusa repudiou hoje as amea\u00e7as e insultos do deputado do Chega Pedro Fraz\u00e3o, apelando ao presidente da Assembleia da Rep\u00fablica para que tome uma...\n                                    <a href=\"https:\/\/madeiraisland.news\/?post_type=post&amp;p=1208439\" target=\"_blank\" rel=\"nofollow\" class=\"\">Read more<\/a>\n                            <\/div>\n            <\/div>\n\n    \n    \n\n    <div class=\"wprss-feed-meta\">\n                    <span class=\"feed-source\">\n                Source:\n                Pais\n            <\/span>\n        \n                                                                        \n                    <span class=\"time-ago\">\n                Published on 2 days ago\n            <\/span>\n        \n            <\/div>\n<\/li>\n\n                    <li class=\"feed-item \">\n    \n            \n        <a href=\"https:\/\/madeiraisland.news\/?post_type=post&amp;p=1208435\" target=\"_blank\" rel=\"nofollow\" class=\"\">Inscri\u00e7\u00f5es \u2013 Futebol de forma\u00e7\u00e3o: formar cidad\u00e3os deve estar antes de formar jogadores<\/a>\n\n    <div class=\"thumbnail-excerpt wprss-feed-thumbnail\">\n                                \n            \n                                            \n                    <div class=\"thumbnail-excerpt wprss-feed-excerpt\">\n                \n                AF! O futebol de forma\u00e7\u00e3o deve garantir que todas as crian\u00e7as tenham acesso \u00e0 pr\u00e1tica da modalidade, independentemente do seu talento ou potencial inicial. Mais do que identificar futuros jogadores,...\n                                    <a href=\"https:\/\/madeiraisland.news\/?post_type=post&amp;p=1208435\" target=\"_blank\" rel=\"nofollow\" class=\"\">Read more<\/a>\n                            <\/div>\n            <\/div>\n\n    \n    \n\n    <div class=\"wprss-feed-meta\">\n                    <span class=\"feed-source\">\n                Source:\n                Funchal Not\u00edcias\n            <\/span>\n        \n                                                                        \n                    <span class=\"time-ago\">\n                Published on 2 days ago\n            <\/span>\n        \n            <\/div>\n<\/li>\n\n                    <li class=\"feed-item \">\n    \n            \n        <a href=\"https:\/\/madeiraisland.news\/?post_type=post&amp;p=1208433\" target=\"_blank\" rel=\"nofollow\" class=\"\">PSP retira armas a homem alcoolizado e em estado depressivo em Santana<\/a>\n\n    <div class=\"thumbnail-excerpt wprss-feed-thumbnail\">\n                                \n            \n                                            \n                    <div class=\"thumbnail-excerpt wprss-feed-excerpt\">\n                \n                A PSP apreendeu duas armas de fogo, uma arma branca e v\u00e1rias muni\u00e7\u00f5es na posse de um homem, na casa dos 60 anos, que se encontrava num aparente estado de...\n                                    <a href=\"https:\/\/madeiraisland.news\/?post_type=post&amp;p=1208433\" target=\"_blank\" rel=\"nofollow\" class=\"\">Read more<\/a>\n                            <\/div>\n            <\/div>\n\n    \n    \n\n    <div class=\"wprss-feed-meta\">\n                    <span class=\"feed-source\">\n                Source:\n                Casos do dia\n            <\/span>\n        \n                                                                        \n                    <span class=\"time-ago\">\n                Published on 2 days ago\n            <\/span>\n        \n            <\/div>\n<\/li>\n\n        <\/ul>\n\n            \n\n\n<div class=\"nav-links\">\n                                <span class=\"alignleft\">\n                1\n            <\/span>\n                                <div class=\"nav-next alignleft\">\n                <a href=\"#\" data-wpra-page=\"2\">\n                    2\n                <\/a>\n            <\/div>\n                            <div class=\"nav-previous alignleft\">\n            <a href=\"#\" data-wpra-page=\"2\">\n                Next            <\/a>\n        <\/div>\n    <\/div>\n\n        \n<\/div>\n\n<\/div>\n<\/div>\n\n\n\n<div class=\"wp-block-group\"><div class=\"wp-block-group__inner-container is-layout-flow wp-block-group-is-layout-flow\"><div class=\"wp-rss-template-container\" data-wpra-template=\"default\" data-template-ctx=\"eyJpc0FsbCI6dHJ1ZSwidGVtcGxhdGUiOiJkZWZhdWx0IiwicGFnaW5hdGlvbiI6dHJ1ZSwiaXRlbXMiOnt9fQ==\">\n    <div class=\"wp-rss-aggregator wpra-list-template  \" data-page=\"1\">\n    \n    \n<ul class=\"wpra-item-list rss-aggregator wpra-item-list--bullets wpra-item-list--default\"\n    start=\"1\">\n                        <li class=\"wpra-item feed-item \">\n            \n            \n\n    <a  href=\"https:\/\/madeiraisland.news\/?post_type=post&amp;p=1208725\"  rel=\"nofollow\" class=\"colorbox\">Cabo submarino entre Portugal e Marrocos s\u00f3 com financiamento privado ou da UE<\/a>\n\n\n\n        \n\n\n<div class=\"wprss-feed-meta\">\n            <span class=\"feed-source\">\n            Source:\n\n                            Pais\n                    <\/span>\n    \n    \n    <\/div>\n\n\n\n\n\n            \n        <\/li>\n                    <li class=\"wpra-item feed-item \">\n            \n            \n\n    <a  href=\"https:\/\/madeiraisland.news\/?post_type=post&amp;p=1208722\"  rel=\"nofollow\" class=\"colorbox\">Melhoria de &#8216;rating&#8217; da Fitch coloca Portugal ao n\u00edvel de Fran\u00e7a e B\u00e9lgica<\/a>\n\n\n\n        \n\n\n<div class=\"wprss-feed-meta\">\n            <span class=\"feed-source\">\n            Source:\n\n                            Pais\n                    <\/span>\n    \n    \n    <\/div>\n\n\n\n\n\n            \n        <\/li>\n                    <li class=\"wpra-item feed-item \">\n            \n            \n\n    <a  href=\"https:\/\/madeiraisland.news\/?post_type=post&amp;p=1208720\"  rel=\"nofollow\" class=\"colorbox\">1.\u00aa altera\u00e7\u00e3o ao Calend\u00e1rio Escolar do ano letivo 2026\/2027<\/a>\n\n\n\n        \n\n\n<div class=\"wprss-feed-meta\">\n            <span class=\"feed-source\">\n            Source:\n\n                            Funchal Not\u00edcias\n                    <\/span>\n    \n    \n    <\/div>\n\n\n\n\n\n            \n        <\/li>\n                    <li class=\"wpra-item feed-item \">\n            \n            \n\n    <a  href=\"https:\/\/madeiraisland.news\/?post_type=post&amp;p=1208717\"  rel=\"nofollow\" class=\"colorbox\">Fitch sobe &#8216;rating&#8217; de Portugal para &#8216;A+&#8217; com perspectiva est\u00e1vel<\/a>\n\n\n\n        \n\n\n<div class=\"wprss-feed-meta\">\n            <span class=\"feed-source\">\n            Source:\n\n                            Pais\n                    <\/span>\n    \n    \n    <\/div>\n\n\n\n\n\n            \n        <\/li>\n                    <li class=\"wpra-item feed-item \">\n            \n            \n\n    <a  href=\"https:\/\/madeiraisland.news\/?post_type=post&amp;p=1208715\"  rel=\"nofollow\" class=\"colorbox\">Ataque a acampamento de Queiroz em Mo\u00e7ambique deixa um morto e 2 000 deslocados<\/a>\n\n\n\n        \n\n\n<div class=\"wprss-feed-meta\">\n            <span class=\"feed-source\">\n            Source:\n\n                            Funchal Not\u00edcias\n                    <\/span>\n    \n    \n    <\/div>\n\n\n\n\n\n            \n        <\/li>\n                    <li class=\"wpra-item feed-item \">\n            \n            \n\n    <a  href=\"https:\/\/madeiraisland.news\/?post_type=post&amp;p=1208713\"  rel=\"nofollow\" class=\"colorbox\">Publicidade: O fornecimento de energia ser\u00e1 interrompido nos dias horas e locais abaixo indicados \u2013 an\u00fancio 090 \u2013 2026<\/a>\n\n\n\n        \n\n\n<div class=\"wprss-feed-meta\">\n            <span class=\"feed-source\">\n            Source:\n\n                            Funchal Not\u00edcias\n                    <\/span>\n    \n    \n    <\/div>\n\n\n\n\n\n            \n        <\/li>\n                    <li class=\"wpra-item feed-item \">\n            \n            \n\n    <a  href=\"https:\/\/madeiraisland.news\/?post_type=post&amp;p=1208710\"  rel=\"nofollow\" class=\"colorbox\">Confira a chave vencedora do Totobola Extra<\/a>\n\n\n\n        \n\n\n<div class=\"wprss-feed-meta\">\n            <span class=\"feed-source\">\n            Source:\n\n                            Pais\n                    <\/span>\n    \n    \n    <\/div>\n\n\n\n\n\n            \n        <\/li>\n                    <li class=\"wpra-item feed-item \">\n            \n            \n\n    <a  href=\"https:\/\/madeiraisland.news\/?post_type=post&amp;p=1208707\"  rel=\"nofollow\" class=\"colorbox\">Jackpot no pr\u00f3ximo sorteio do Euromilh\u00f5es<\/a>\n\n\n\n        \n\n\n<div class=\"wprss-feed-meta\">\n            <span class=\"feed-source\">\n            Source:\n\n                            Pais\n                    <\/span>\n    \n    \n    <\/div>\n\n\n\n\n\n            \n        <\/li>\n                    <li class=\"wpra-item feed-item \">\n            \n            \n\n    <a  href=\"https:\/\/madeiraisland.news\/?post_type=post&amp;p=1208704\"  rel=\"nofollow\" class=\"colorbox\">Montenegro indica que desconto nos combust\u00edveis j\u00e1 ronda 700 ME<\/a>\n\n\n\n        \n\n\n<div class=\"wprss-feed-meta\">\n            <span class=\"feed-source\">\n            Source:\n\n                            Pais\n                    <\/span>\n    \n    \n    <\/div>\n\n\n\n\n\n            \n        <\/li>\n                    <li class=\"wpra-item feed-item \">\n            \n            \n\n    <a  href=\"https:\/\/madeiraisland.news\/?post_type=post&amp;p=1208702\"  rel=\"nofollow\" class=\"colorbox\">Seguran\u00e7a Social da RAM participa no \u201c13\u00ba International Foster Care Research Network\u201d<\/a>\n\n\n\n        \n\n\n<div class=\"wprss-feed-meta\">\n            <span class=\"feed-source\">\n            Source:\n\n                            Funchal Not\u00edcias\n                    <\/span>\n    \n    \n    <\/div>\n\n\n\n\n\n            \n        <\/li>\n                    <li class=\"wpra-item feed-item \">\n            \n            \n\n    <a  href=\"https:\/\/madeiraisland.news\/?post_type=post&amp;p=1208700\"  rel=\"nofollow\" class=\"colorbox\">Pol\u00edcia d\u00e1 conta de 73 acidentes, que causaram 21 feridos ligeiros e dois graves<\/a>\n\n\n\n        \n\n\n<div class=\"wprss-feed-meta\">\n            <span class=\"feed-source\">\n            Source:\n\n                            Funchal Not\u00edcias\n                    <\/span>\n    \n    \n    <\/div>\n\n\n\n\n\n            \n        <\/li>\n                    <li class=\"wpra-item feed-item \">\n            \n            \n\n    <a  href=\"https:\/\/madeiraisland.news\/?post_type=post&amp;p=1208696\"  rel=\"nofollow\" class=\"colorbox\">PSD enaltece \u201cCasa Esperan\u00e7a\u201d da Associa\u00e7\u00e3o \u201cGarouta do Calhau\u201d<\/a>\n\n\n\n        \n\n\n<div class=\"wprss-feed-meta\">\n            <span class=\"feed-source\">\n            Source:\n\n                            Funchal Not\u00edcias\n                    <\/span>\n    \n    \n    <\/div>\n\n\n\n\n\n            \n        <\/li>\n                    <li class=\"wpra-item feed-item \">\n            \n            \n\n    <a  href=\"https:\/\/madeiraisland.news\/?post_type=post&amp;p=1208698\"  rel=\"nofollow\" class=\"colorbox\">Dois indiv\u00edduos detidos pela PSP pelo crime de tr\u00e1fico de droga; apreendidos carros e 68 mil euros<\/a>\n\n\n\n        \n\n\n<div class=\"wprss-feed-meta\">\n            <span class=\"feed-source\">\n            Source:\n\n                            Funchal Not\u00edcias\n                    <\/span>\n    \n    \n    <\/div>\n\n\n\n\n\n            \n        <\/li>\n                    <li class=\"wpra-item feed-item \">\n            \n            \n\n    <a  href=\"https:\/\/madeiraisland.news\/?post_type=post&amp;p=1208691\"  rel=\"nofollow\" class=\"colorbox\">PSD-Machico prop\u00f5e suspens\u00e3o do PDM para \u201cdesbloquear habita\u00e7\u00e3o e investimento\u201d<\/a>\n\n\n\n        \n\n\n<div class=\"wprss-feed-meta\">\n            <span class=\"feed-source\">\n            Source:\n\n                            Funchal Not\u00edcias\n                    <\/span>\n    \n    \n    <\/div>\n\n\n\n\n\n            \n        <\/li>\n                    <li class=\"wpra-item feed-item \">\n            \n            \n\n    <a  href=\"https:\/\/madeiraisland.news\/?post_type=post&amp;p=1208693\"  rel=\"nofollow\" class=\"colorbox\">Francisco C\u00e9sar defende uma autonomia mais ambiciosa<\/a>\n\n\n\n        \n\n\n<div class=\"wprss-feed-meta\">\n            <span class=\"feed-source\">\n            Source:\n\n                            Pais\n                    <\/span>\n    \n    \n    <\/div>\n\n\n\n\n\n            \n        <\/li>\n                    <li class=\"wpra-item feed-item \">\n            \n            \n\n    <a  href=\"https:\/\/madeiraisland.news\/?post_type=post&amp;p=1208689\"  rel=\"nofollow\" class=\"colorbox\">Cheiro intenso a esgoto denunciado em S\u00e3o Martinho<\/a>\n\n\n\n        \n\n\n<div class=\"wprss-feed-meta\">\n            <span class=\"feed-source\">\n            Source:\n\n                            Casos do dia\n                    <\/span>\n    \n    \n    <\/div>\n\n\n\n\n\n            \n        <\/li>\n                    <li class=\"wpra-item feed-item \">\n            \n            \n\n    <a  href=\"https:\/\/madeiraisland.news\/?post_type=post&amp;p=1208687\"  rel=\"nofollow\" class=\"colorbox\">PSP det\u00e9m dois homens em flagrante delito por tr\u00e1fico de droga<\/a>\n\n\n\n        \n\n\n<div class=\"wprss-feed-meta\">\n            <span class=\"feed-source\">\n            Source:\n\n                            Casos do dia\n                    <\/span>\n    \n    \n    <\/div>\n\n\n\n\n\n            \n        <\/li>\n                    <li class=\"wpra-item feed-item \">\n            \n            \n\n    <a  href=\"https:\/\/madeiraisland.news\/?post_type=post&amp;p=1208685\"  rel=\"nofollow\" class=\"colorbox\">JPP aponta \u201cfalta de palavra\u201d do GR quando disse que isentaria os emigrantes de pagar taxas para percursos pedestres<\/a>\n\n\n\n        \n\n\n<div class=\"wprss-feed-meta\">\n            <span class=\"feed-source\">\n            Source:\n\n                            Funchal Not\u00edcias\n                    <\/span>\n    \n    \n    <\/div>\n\n\n\n\n\n            \n        <\/li>\n                    <li class=\"wpra-item feed-item \">\n            \n            \n\n    <a  href=\"https:\/\/madeiraisland.news\/?post_type=post&amp;p=1208679\"  rel=\"nofollow\" class=\"colorbox\">IL diz que eventual classifica\u00e7\u00e3o da casa de Lourdes Castro tem de ter uma estrat\u00e9gia concreta<\/a>\n\n\n\n        \n\n\n<div class=\"wprss-feed-meta\">\n            <span class=\"feed-source\">\n            Source:\n\n                            Funchal Not\u00edcias\n                    <\/span>\n    \n    \n    <\/div>\n\n\n\n\n\n            \n        <\/li>\n                    <li class=\"wpra-item feed-item \">\n            \n            \n\n    <a  href=\"https:\/\/madeiraisland.news\/?post_type=post&amp;p=1208681\"  rel=\"nofollow\" class=\"colorbox\">PS acusa GR de s\u00f3 contratar profissionais para o SESARAM em situa\u00e7\u00f5es-limite<\/a>\n\n\n\n        \n\n\n<div class=\"wprss-feed-meta\">\n            <span class=\"feed-source\">\n            Source:\n\n                            Funchal Not\u00edcias\n                    <\/span>\n    \n    \n    <\/div>\n\n\n\n\n\n            \n        <\/li>\n                    <li class=\"wpra-item feed-item \">\n            \n            \n\n    <a  href=\"https:\/\/madeiraisland.news\/?post_type=post&amp;p=1208683\"  rel=\"nofollow\" class=\"colorbox\">Protec\u00e7\u00e3o Civil avisa para risco acrescido de inc\u00eandios florestais<\/a>\n\n\n\n        \n\n\n<div class=\"wprss-feed-meta\">\n            <span class=\"feed-source\">\n            Source:\n\n                            Funchal Not\u00edcias\n                    <\/span>\n    \n    \n    <\/div>\n\n\n\n\n\n            \n        <\/li>\n                    <li class=\"wpra-item feed-item \">\n            \n            \n\n    <a  href=\"https:\/\/madeiraisland.news\/?post_type=post&amp;p=1208675\"  rel=\"nofollow\" class=\"colorbox\">CMF vai refor\u00e7ar o n\u00famero de psic\u00f3logos do Munic\u00edpio<\/a>\n\n\n\n        \n\n\n<div class=\"wprss-feed-meta\">\n            <span class=\"feed-source\">\n            Source:\n\n                            Funchal Not\u00edcias\n                    <\/span>\n    \n    \n    <\/div>\n\n\n\n\n\n            \n        <\/li>\n                    <li class=\"wpra-item feed-item \">\n            \n            \n\n    <a  href=\"https:\/\/madeiraisland.news\/?post_type=post&amp;p=1208677\"  rel=\"nofollow\" class=\"colorbox\">Vereadores independentes na CMF alegam que a autarquia \u201cest\u00e1 a perder poder no seu pr\u00f3prio territ\u00f3rio\u201d<\/a>\n\n\n\n        \n\n\n<div class=\"wprss-feed-meta\">\n            <span class=\"feed-source\">\n            Source:\n\n                            Funchal Not\u00edcias\n                    <\/span>\n    \n    \n    <\/div>\n\n\n\n\n\n            \n        <\/li>\n                    <li class=\"wpra-item feed-item \">\n            \n            \n\n    <a  href=\"https:\/\/madeiraisland.news\/?post_type=post&amp;p=1208673\"  rel=\"nofollow\" class=\"colorbox\">Porto do Funchal: pavimento esburacado, defensas degradadas, escadas inoperacionais<\/a>\n\n\n\n        \n\n\n<div class=\"wprss-feed-meta\">\n            <span class=\"feed-source\">\n            Source:\n\n                            Funchal Not\u00edcias\n                    <\/span>\n    \n    \n    <\/div>\n\n\n\n\n\n            \n        <\/li>\n                    <li class=\"wpra-item feed-item \">\n            \n            \n\n    <a  href=\"https:\/\/madeiraisland.news\/?post_type=post&amp;p=1208671\"  rel=\"nofollow\" class=\"colorbox\">73 acidentes de via\u00e7\u00e3o e 13 deten\u00e7\u00f5es<\/a>\n\n\n\n        \n\n\n<div class=\"wprss-feed-meta\">\n            <span class=\"feed-source\">\n            Source:\n\n                            Casos do dia\n                    <\/span>\n    \n    \n    <\/div>\n\n\n\n\n\n            \n        <\/li>\n                    <li class=\"wpra-item feed-item \">\n            \n            \n\n    <a  href=\"https:\/\/madeiraisland.news\/?post_type=post&amp;p=1208668\"  rel=\"nofollow\" class=\"colorbox\">Litro de gas\u00f3leo deve subir 15 c\u00eantimos e gasolina 12 na pr\u00f3xima semana<\/a>\n\n\n\n        \n\n\n<div class=\"wprss-feed-meta\">\n            <span class=\"feed-source\">\n            Source:\n\n                            Pais\n                    <\/span>\n    \n    \n    <\/div>\n\n\n\n\n\n            \n        <\/li>\n                    <li class=\"wpra-item feed-item \">\n            \n            \n\n    <a  href=\"https:\/\/madeiraisland.news\/?post_type=post&amp;p=1208666\"  rel=\"nofollow\" class=\"colorbox\">Coluna de fumo mobiliza bombeiros at\u00e9 \u00e0 Travessa Ribeira Jo\u00e3o Gomes<\/a>\n\n\n\n        \n\n\n<div class=\"wprss-feed-meta\">\n            <span class=\"feed-source\">\n            Source:\n\n                            Casos do dia\n                    <\/span>\n    \n    \n    <\/div>\n\n\n\n\n\n            \n        <\/li>\n                    <li class=\"wpra-item feed-item \">\n            \n            \n\n    <a  href=\"https:\/\/madeiraisland.news\/?post_type=post&amp;p=1208664\"  rel=\"nofollow\" class=\"colorbox\">Perigo de inc\u00eandio rural agrava-se a partir de domingo<\/a>\n\n\n\n        \n\n\n<div class=\"wprss-feed-meta\">\n            <span class=\"feed-source\">\n            Source:\n\n                            Casos do dia\n                    <\/span>\n    \n    \n    <\/div>\n\n\n\n\n\n            \n        <\/li>\n                    <li class=\"wpra-item feed-item \">\n            \n            \n\n    <a  href=\"https:\/\/madeiraisland.news\/?post_type=post&amp;p=1208662\"  rel=\"nofollow\" class=\"colorbox\">Morreu o ex-presidente do Centro Portugu\u00eas de Caracas Eg\u00eddio Monteiro<\/a>\n\n\n\n        \n\n\n<div class=\"wprss-feed-meta\">\n            <span class=\"feed-source\">\n            Source:\n\n                            Funchal Not\u00edcias\n                    <\/span>\n    \n    \n    <\/div>\n\n\n\n\n\n            \n        <\/li>\n                    <li class=\"wpra-item feed-item \">\n            \n            \n\n    <a  href=\"https:\/\/madeiraisland.news\/?post_type=post&amp;p=1208660\"  rel=\"nofollow\" class=\"colorbox\">Loja Solid\u00e1ria do Cani\u00e7o denuncia falta de civismo<\/a>\n\n\n\n        \n\n\n<div class=\"wprss-feed-meta\">\n            <span class=\"feed-source\">\n            Source:\n\n                            Casos do dia\n                    <\/span>\n    \n    \n    <\/div>\n\n\n\n\n\n            \n        <\/li>\n                    <li class=\"wpra-item feed-item \">\n            \n            \n\n    <a  href=\"https:\/\/madeiraisland.news\/?post_type=post&amp;p=1208658\"  rel=\"nofollow\" class=\"colorbox\">&#8220;Nunca v\u00e3o ao Mercado dos Lavradores&#8221;<\/a>\n\n\n\n        \n\n\n<div class=\"wprss-feed-meta\">\n            <span class=\"feed-source\">\n            Source:\n\n                            Casos do dia\n                    <\/span>\n    \n    \n    <\/div>\n\n\n\n\n\n            \n        <\/li>\n                    <li class=\"wpra-item feed-item \">\n            \n            \n\n    <a  href=\"https:\/\/madeiraisland.news\/?post_type=post&amp;p=1208655\"  rel=\"nofollow\" class=\"colorbox\">Azores Airlines reduz preju\u00edzo mas perde 37,1 milh\u00f5es no primeiro semestre<\/a>\n\n\n\n        \n\n\n<div class=\"wprss-feed-meta\">\n            <span class=\"feed-source\">\n            Source:\n\n                            Pais\n                    <\/span>\n    \n    \n    <\/div>\n\n\n\n\n\n            \n        <\/li>\n                    <li class=\"wpra-item feed-item \">\n            \n            \n\n    <a  href=\"https:\/\/madeiraisland.news\/?post_type=post&amp;p=1208653\"  rel=\"nofollow\" class=\"colorbox\">Acidente a envolver dois ve\u00edculos na via r\u00e1pida em Santa Cruz<\/a>\n\n\n\n        \n\n\n<div class=\"wprss-feed-meta\">\n            <span class=\"feed-source\">\n            Source:\n\n                            Casos do dia\n                    <\/span>\n    \n    \n    <\/div>\n\n\n\n\n\n            \n        <\/li>\n                    <li class=\"wpra-item feed-item \">\n            \n            \n\n    <a  href=\"https:\/\/madeiraisland.news\/?post_type=post&amp;p=1208650\"  rel=\"nofollow\" class=\"colorbox\">Onze concelhos de quatro distritos em perigo m\u00e1ximo<\/a>\n\n\n\n        \n\n\n<div class=\"wprss-feed-meta\">\n            <span class=\"feed-source\">\n            Source:\n\n                            Pais\n                    <\/span>\n    \n    \n    <\/div>\n\n\n\n\n\n            \n        <\/li>\n                    <li class=\"wpra-item feed-item \">\n            \n            \n\n    <a  href=\"https:\/\/madeiraisland.news\/?post_type=post&amp;p=1208647\"  rel=\"nofollow\" class=\"colorbox\">CHEGA quer impedir agressor de receber indemniza\u00e7\u00e3o<\/a>\n\n\n\n        \n\n\n<div class=\"wprss-feed-meta\">\n            <span class=\"feed-source\">\n            Source:\n\n                            Pais\n                    <\/span>\n    \n    \n    <\/div>\n\n\n\n\n\n            \n        <\/li>\n                    <li class=\"wpra-item feed-item \">\n            \n            \n\n    <a  href=\"https:\/\/madeiraisland.news\/?post_type=post&amp;p=1208645\"  rel=\"nofollow\" class=\"colorbox\">Motociclista ferido em colis\u00e3o na Estrada da Eira do Serrado<\/a>\n\n\n\n        \n\n\n<div class=\"wprss-feed-meta\">\n            <span class=\"feed-source\">\n            Source:\n\n                            Casos do dia\n                    <\/span>\n    \n    \n    <\/div>\n\n\n\n\n\n            \n        <\/li>\n                    <li class=\"wpra-item feed-item \">\n            \n            \n\n    <a  href=\"https:\/\/madeiraisland.news\/?post_type=post&amp;p=1208636\"  rel=\"nofollow\" class=\"colorbox\">Utentes do SNS esperam meio ano por primeira consulta com psic\u00f3logo<\/a>\n\n\n\n        \n\n\n<div class=\"wprss-feed-meta\">\n            <span class=\"feed-source\">\n            Source:\n\n                            Pais\n                    <\/span>\n    \n    \n    <\/div>\n\n\n\n\n\n            \n        <\/li>\n                    <li class=\"wpra-item feed-item \">\n            \n            \n\n    <a  href=\"https:\/\/madeiraisland.news\/?post_type=post&amp;p=1208639\"  rel=\"nofollow\" class=\"colorbox\">Associa\u00e7\u00e3o Zero lan\u00e7a plataforma de acompanhamento dos voos noturnos em Lisboa<\/a>\n\n\n\n        \n\n\n<div class=\"wprss-feed-meta\">\n            <span class=\"feed-source\">\n            Source:\n\n                            Pais\n                    <\/span>\n    \n    \n    <\/div>\n\n\n\n\n\n            \n        <\/li>\n                    <li class=\"wpra-item feed-item \">\n            \n            \n\n    <a  href=\"https:\/\/madeiraisland.news\/?post_type=post&amp;p=1208642\"  rel=\"nofollow\" class=\"colorbox\">Lu\u00eds Neves e mo\u00e7\u00e3o de censura marcam primeiras p\u00e1ginas<\/a>\n\n\n\n        \n\n\n<div class=\"wprss-feed-meta\">\n            <span class=\"feed-source\">\n            Source:\n\n                            Pais\n                    <\/span>\n    \n    \n    <\/div>\n\n\n\n\n\n            \n        <\/li>\n                    <li class=\"wpra-item feed-item \">\n            \n            \n\n    <a  href=\"https:\/\/madeiraisland.news\/?post_type=post&amp;p=1208634\"  rel=\"nofollow\" class=\"colorbox\">04 Setembro: Dia Mundial da Sa\u00fade Sexual<\/a>\n\n\n\n        \n\n\n<div class=\"wprss-feed-meta\">\n            <span class=\"feed-source\">\n            Source:\n\n                            Funchal Not\u00edcias\n                    <\/span>\n    \n    \n    <\/div>\n\n\n\n\n\n            \n        <\/li>\n                    <li class=\"wpra-item feed-item \">\n            \n            \n\n    <a  href=\"https:\/\/madeiraisland.news\/?post_type=post&amp;p=1208631\"  rel=\"nofollow\" class=\"colorbox\">Azores Airlines reduz preju\u00edzo para 37,1 milh\u00f5es de euros no primeiro semestre<\/a>\n\n\n\n        \n\n\n<div class=\"wprss-feed-meta\">\n            <span class=\"feed-source\">\n            Source:\n\n                            Pais\n                    <\/span>\n    \n    \n    <\/div>\n\n\n\n\n\n            \n        <\/li>\n                    <li class=\"wpra-item feed-item \">\n            \n            \n\n    <a  href=\"https:\/\/madeiraisland.news\/?post_type=post&amp;p=1208628\"  rel=\"nofollow\" class=\"colorbox\">Governo apela \u00e0 consci\u00eancia individual para prevenir fogos<\/a>\n\n\n\n        \n\n\n<div class=\"wprss-feed-meta\">\n            <span class=\"feed-source\">\n            Source:\n\n                            Pais\n                    <\/span>\n    \n    \n    <\/div>\n\n\n\n\n\n            \n        <\/li>\n                    <li class=\"wpra-item feed-item \">\n            \n            \n\n    <a  href=\"https:\/\/madeiraisland.news\/?post_type=post&amp;p=1208626\"  rel=\"nofollow\" class=\"colorbox\">03 setembro: 52.\u00ba anivers\u00e1rio \u2013 Estado-Maior-General das For\u00e7as Armadas (EMGFA)<\/a>\n\n\n\n        \n\n\n<div class=\"wprss-feed-meta\">\n            <span class=\"feed-source\">\n            Source:\n\n                            Funchal Not\u00edcias\n                    <\/span>\n    \n    \n    <\/div>\n\n\n\n\n\n            \n        <\/li>\n                    <li class=\"wpra-item feed-item \">\n            \n            \n\n    <a  href=\"https:\/\/madeiraisland.news\/?post_type=post&amp;p=1208623\"  rel=\"nofollow\" class=\"colorbox\">Iniciativa Liberal vota contra mo\u00e7\u00e3o de censura do Chega<\/a>\n\n\n\n        \n\n\n<div class=\"wprss-feed-meta\">\n            <span class=\"feed-source\">\n            Source:\n\n                            Pais\n                    <\/span>\n    \n    \n    <\/div>\n\n\n\n\n\n            \n        <\/li>\n                    <li class=\"wpra-item feed-item \">\n            \n            \n\n    <a  href=\"https:\/\/madeiraisland.news\/?post_type=post&amp;p=1208620\"  rel=\"nofollow\" class=\"colorbox\">Em resposta ao Chega, Governo confirma or\u00e7amento de 144 mil euros para PJ destruir qu\u00edmicos<\/a>\n\n\n\n        \n\n\n<div class=\"wprss-feed-meta\">\n            <span class=\"feed-source\">\n            Source:\n\n                            Pais\n                    <\/span>\n    \n    \n    <\/div>\n\n\n\n\n\n            \n        <\/li>\n                    <li class=\"wpra-item feed-item \">\n            \n            \n\n    <a  href=\"https:\/\/madeiraisland.news\/?post_type=post&amp;p=1208618\"  rel=\"nofollow\" class=\"colorbox\">Escola Secund\u00e1ria Jaime Moniz deposita 184 mapas e quadros parietais hist\u00f3ricos no Arquivo Regional da Madeira<\/a>\n\n\n\n        \n\n\n<div class=\"wprss-feed-meta\">\n            <span class=\"feed-source\">\n            Source:\n\n                            Funchal Not\u00edcias\n                    <\/span>\n    \n    \n    <\/div>\n\n\n\n\n\n            \n        <\/li>\n                    <li class=\"wpra-item feed-item \">\n            \n            \n\n    <a  href=\"https:\/\/madeiraisland.news\/?post_type=post&amp;p=1208616\"  rel=\"nofollow\" class=\"colorbox\">CHEGA quer deporta\u00e7\u00e3o de imigrantes ilegais e criminosos<\/a>\n\n\n\n        \n\n\n<div class=\"wprss-feed-meta\">\n            <span class=\"feed-source\">\n            Source:\n\n                            Funchal Not\u00edcias\n                    <\/span>\n    \n    \n    <\/div>\n\n\n\n\n\n            \n        <\/li>\n                    <li class=\"wpra-item feed-item \">\n            \n            \n\n    <a  href=\"https:\/\/madeiraisland.news\/?post_type=post&amp;p=1208613\"  rel=\"nofollow\" class=\"colorbox\">Inqu\u00e9rito \u00e0 alegada intrus\u00e3o no gabinete de Ventura com car\u00e1cter urgente<\/a>\n\n\n\n        \n\n\n<div class=\"wprss-feed-meta\">\n            <span class=\"feed-source\">\n            Source:\n\n                            Pais\n                    <\/span>\n    \n    \n    <\/div>\n\n\n\n\n\n            \n        <\/li>\n                    <li class=\"wpra-item feed-item \">\n            \n            \n\n    <a  href=\"https:\/\/madeiraisland.news\/?post_type=post&amp;p=1208611\"  rel=\"nofollow\" class=\"colorbox\">CHEGA deu entrada a voto de louvor aos fachos de Machico e \u00e0 Associa\u00e7\u00e3o Fachos<\/a>\n\n\n\n        \n\n\n<div class=\"wprss-feed-meta\">\n            <span class=\"feed-source\">\n            Source:\n\n                            Funchal Not\u00edcias\n                    <\/span>\n    \n    \n    <\/div>\n\n\n\n\n\n            \n        <\/li>\n                    <li class=\"wpra-item feed-item \">\n            \n            \n\n    <a  href=\"https:\/\/madeiraisland.news\/?post_type=post&amp;p=1208604\"  rel=\"nofollow\" class=\"colorbox\">Gas\u00f3leo baixa at\u00e9 4,8 c\u00eantimos na Madeira a partir de segunda-feira<\/a>\n\n\n\n        \n\n\n<div class=\"wprss-feed-meta\">\n            <span class=\"feed-source\">\n            Source:\n\n                            Funchal Not\u00edcias\n                    <\/span>\n    \n    \n    <\/div>\n\n\n\n\n\n            \n        <\/li>\n                    <li class=\"wpra-item feed-item \">\n            \n            \n\n    <a  href=\"https:\/\/madeiraisland.news\/?post_type=post&amp;p=1208608\"  rel=\"nofollow\" class=\"colorbox\">Ventura considera que PR \u00e9 dos mais interessados em resolver situa\u00e7\u00e3o de Lu\u00eds Neves<\/a>\n\n\n\n        \n\n\n<div class=\"wprss-feed-meta\">\n            <span class=\"feed-source\">\n            Source:\n\n                            Pais\n                    <\/span>\n    \n    \n    <\/div>\n\n\n\n\n\n            \n        <\/li>\n                    <li class=\"wpra-item feed-item \">\n            \n            \n\n    <a  href=\"https:\/\/madeiraisland.news\/?post_type=post&amp;p=1208606\"  rel=\"nofollow\" class=\"colorbox\">Clube de Golfe do Santo da Serra nomeado nos World Golf Awards 2026<\/a>\n\n\n\n        \n\n\n<div class=\"wprss-feed-meta\">\n            <span class=\"feed-source\">\n            Source:\n\n                            Funchal Not\u00edcias\n                    <\/span>\n    \n    \n    <\/div>\n\n\n\n\n\n            \n        <\/li>\n                    <li class=\"wpra-item feed-item \">\n            \n            \n\n    <a  href=\"https:\/\/madeiraisland.news\/?post_type=post&amp;p=1208602\"  rel=\"nofollow\" class=\"colorbox\">GR destina mais de 6 milh\u00f5es e meio a estabiliza\u00e7\u00e3o do talude e protec\u00e7\u00e3o da VE2<\/a>\n\n\n\n        \n\n\n<div class=\"wprss-feed-meta\">\n            <span class=\"feed-source\">\n            Source:\n\n                            Funchal Not\u00edcias\n                    <\/span>\n    \n    \n    <\/div>\n\n\n\n\n\n            \n        <\/li>\n                    <li class=\"wpra-item feed-item \">\n            \n            \n\n    <a  href=\"https:\/\/madeiraisland.news\/?post_type=post&amp;p=1208598\"  rel=\"nofollow\" class=\"colorbox\">Embate entre duas viaturas no Funchal causa danos materiais<\/a>\n\n\n\n        \n\n\n<div class=\"wprss-feed-meta\">\n            <span class=\"feed-source\">\n            Source:\n\n                            Casos do dia\n                    <\/span>\n    \n    \n    <\/div>\n\n\n\n\n\n            \n        <\/li>\n                    <li class=\"wpra-item feed-item \">\n            \n            \n\n    <a  href=\"https:\/\/madeiraisland.news\/?post_type=post&amp;p=1208600\"  rel=\"nofollow\" class=\"colorbox\">Colis\u00e3o entre mota e carro faz um ferido no Lugar de Baixo<\/a>\n\n\n\n        \n\n\n<div class=\"wprss-feed-meta\">\n            <span class=\"feed-source\">\n            Source:\n\n                            Casos do dia\n                    <\/span>\n    \n    \n    <\/div>\n\n\n\n\n\n            \n        <\/li>\n                    <li class=\"wpra-item feed-item \">\n            \n            \n\n    <a  href=\"https:\/\/madeiraisland.news\/?post_type=post&amp;p=1208594\"  rel=\"nofollow\" class=\"colorbox\">CMF assinala amanh\u00e3 Dia Mundial da Sa\u00fade Sexual, com sess\u00e3o de entrada livre<\/a>\n\n\n\n        \n\n\n<div class=\"wprss-feed-meta\">\n            <span class=\"feed-source\">\n            Source:\n\n                            Funchal Not\u00edcias\n                    <\/span>\n    \n    \n    <\/div>\n\n\n\n\n\n            \n        <\/li>\n                    <li class=\"wpra-item feed-item \">\n            \n            \n\n    <a  href=\"https:\/\/madeiraisland.news\/?post_type=post&amp;p=1208596\"  rel=\"nofollow\" class=\"colorbox\">JPP diz que dificuldade em recrutar pescadores evidencia urg\u00eancia de nova estrat\u00e9gia<\/a>\n\n\n\n        \n\n\n<div class=\"wprss-feed-meta\">\n            <span class=\"feed-source\">\n            Source:\n\n                            Funchal Not\u00edcias\n                    <\/span>\n    \n    \n    <\/div>\n\n\n\n\n\n            \n        <\/li>\n                    <li class=\"wpra-item feed-item \">\n            \n            \n\n    <a  href=\"https:\/\/madeiraisland.news\/?post_type=post&amp;p=1208591\"  rel=\"nofollow\" class=\"colorbox\">Mo\u00e7\u00e3o de censura do Chega ao Governo vai ser discutida no Parlamento a 08 de setembro<\/a>\n\n\n\n        \n\n\n<div class=\"wprss-feed-meta\">\n            <span class=\"feed-source\">\n            Source:\n\n                            Pais\n                    <\/span>\n    \n    \n    <\/div>\n\n\n\n\n\n            \n        <\/li>\n                    <li class=\"wpra-item feed-item \">\n            \n            \n\n    <a  href=\"https:\/\/madeiraisland.news\/?post_type=post&amp;p=1208586\"  rel=\"nofollow\" class=\"colorbox\">PS quer resposta sobre o tr\u00e2nsito no Funchal e insiste na urg\u00eancia da Pol\u00edcia Municipal<\/a>\n\n\n\n        \n\n\n<div class=\"wprss-feed-meta\">\n            <span class=\"feed-source\">\n            Source:\n\n                            Funchal Not\u00edcias\n                    <\/span>\n    \n    \n    <\/div>\n\n\n\n\n\n            \n        <\/li>\n                    <li class=\"wpra-item feed-item \">\n            \n            \n\n    <a  href=\"https:\/\/madeiraisland.news\/?post_type=post&amp;p=1208588\"  rel=\"nofollow\" class=\"colorbox\">Livre apresenta voto de solidariedade para com jornalistas da ag\u00eancia Lusa<\/a>\n\n\n\n        \n\n\n<div class=\"wprss-feed-meta\">\n            <span class=\"feed-source\">\n            Source:\n\n                            Pais\n                    <\/span>\n    \n    \n    <\/div>\n\n\n\n\n\n            \n        <\/li>\n                    <li class=\"wpra-item feed-item \">\n            \n            \n\n    <a  href=\"https:\/\/madeiraisland.news\/?post_type=post&amp;p=1208580\"  rel=\"nofollow\" class=\"colorbox\">Homem de 42 anos detido por atear florestal fogo em Montalegre<\/a>\n\n\n\n        \n\n\n<div class=\"wprss-feed-meta\">\n            <span class=\"feed-source\">\n            Source:\n\n                            Pais\n                    <\/span>\n    \n    \n    <\/div>\n\n\n\n\n\n            \n        <\/li>\n                    <li class=\"wpra-item feed-item \">\n            \n            \n\n    <a  href=\"https:\/\/madeiraisland.news\/?post_type=post&amp;p=1208576\"  rel=\"nofollow\" class=\"colorbox\">AEP celebra 113 anos de exist\u00eancia dia 5 no Parque Ecol\u00f3gico do Funchal<\/a>\n\n\n\n        \n\n\n<div class=\"wprss-feed-meta\">\n            <span class=\"feed-source\">\n            Source:\n\n                            Funchal Not\u00edcias\n                    <\/span>\n    \n    \n    <\/div>\n\n\n\n\n\n            \n        <\/li>\n                    <li class=\"wpra-item feed-item \">\n            \n            \n\n    <a  href=\"https:\/\/madeiraisland.news\/?post_type=post&amp;p=1208583\"  rel=\"nofollow\" class=\"colorbox\">Quatro meios a\u00e9reos e 169 bombeiros combatem fogo na Lourinh\u00e3<\/a>\n\n\n\n        \n\n\n<div class=\"wprss-feed-meta\">\n            <span class=\"feed-source\">\n            Source:\n\n                            Pais\n                    <\/span>\n    \n    \n    <\/div>\n\n\n\n\n\n            \n        <\/li>\n                    <li class=\"wpra-item feed-item \">\n            \n            \n\n    <a  href=\"https:\/\/madeiraisland.news\/?post_type=post&amp;p=1208578\"  rel=\"nofollow\" class=\"colorbox\">JPP acusa PSD\/CDS de menosprezar queixas dos moradores do Lazareto acerca da ETAR<\/a>\n\n\n\n        \n\n\n<div class=\"wprss-feed-meta\">\n            <span class=\"feed-source\">\n            Source:\n\n                            Funchal Not\u00edcias\n                    <\/span>\n    \n    \n    <\/div>\n\n\n\n\n\n            \n        <\/li>\n                    <li class=\"wpra-item feed-item \">\n            \n            \n\n    <a  href=\"https:\/\/madeiraisland.news\/?post_type=post&amp;p=1208572\"  rel=\"nofollow\" class=\"colorbox\">Mais de 150 madeirenses constituem representa\u00e7\u00e3o insular na \u201c50\u00aa Festa do Avante!\u201d<\/a>\n\n\n\n        \n\n\n<div class=\"wprss-feed-meta\">\n            <span class=\"feed-source\">\n            Source:\n\n                            Funchal Not\u00edcias\n                    <\/span>\n    \n    \n    <\/div>\n\n\n\n\n\n            \n        <\/li>\n                    <li class=\"wpra-item feed-item \">\n            \n            \n\n    <a  href=\"https:\/\/madeiraisland.news\/?post_type=post&amp;p=1208574\"  rel=\"nofollow\" class=\"colorbox\">Liberais apontam que Estado, GR e C\u00e2maras devem esclarecer se t\u00eam interesse na casa de Lourdes Castro<\/a>\n\n\n\n        \n\n\n<div class=\"wprss-feed-meta\">\n            <span class=\"feed-source\">\n            Source:\n\n                            Funchal Not\u00edcias\n                    <\/span>\n    \n    \n    <\/div>\n\n\n\n\n\n            \n        <\/li>\n                    <li class=\"wpra-item feed-item \">\n            \n            \n\n    <a  href=\"https:\/\/madeiraisland.news\/?post_type=post&amp;p=1208568\"  rel=\"nofollow\" class=\"colorbox\">PSD-M afirmou ontem valorizar o pastoreio organizado<\/a>\n\n\n\n        \n\n\n<div class=\"wprss-feed-meta\">\n            <span class=\"feed-source\">\n            Source:\n\n                            Funchal Not\u00edcias\n                    <\/span>\n    \n    \n    <\/div>\n\n\n\n\n\n            \n        <\/li>\n                    <li class=\"wpra-item feed-item \">\n            \n            \n\n    <a  href=\"https:\/\/madeiraisland.news\/?post_type=post&amp;p=1208570\"  rel=\"nofollow\" class=\"colorbox\">C\u00e2mara do Funchal colocar abrigos na nova paragem do Largo do Pelourinho<\/a>\n\n\n\n        \n\n\n<div class=\"wprss-feed-meta\">\n            <span class=\"feed-source\">\n            Source:\n\n                            Funchal Not\u00edcias\n                    <\/span>\n    \n    \n    <\/div>\n\n\n\n\n\n            \n        <\/li>\n                    <li class=\"wpra-item feed-item \">\n            \n            \n\n    <a  href=\"https:\/\/madeiraisland.news\/?post_type=post&amp;p=1208566\"  rel=\"nofollow\" class=\"colorbox\">Limpeza preventiva corta tr\u00e2nsito na Conde Carvalhal<\/a>\n\n\n\n        \n\n\n<div class=\"wprss-feed-meta\">\n            <span class=\"feed-source\">\n            Source:\n\n                            Casos do dia\n                    <\/span>\n    \n    \n    <\/div>\n\n\n\n\n\n            \n        <\/li>\n                    <li class=\"wpra-item feed-item \">\n            \n            \n\n    <a  href=\"https:\/\/madeiraisland.news\/?post_type=post&amp;p=1208564\"  rel=\"nofollow\" class=\"colorbox\">Senhor do Bom Jesus \u2013 F\u00e9, Tradi\u00e7\u00e3o e Patrim\u00f3nio da Costa Norte \u2013 Ponta Delgada \u2013 Madeira<\/a>\n\n\n\n        \n\n\n<div class=\"wprss-feed-meta\">\n            <span class=\"feed-source\">\n            Source:\n\n                            Funchal Not\u00edcias\n                    <\/span>\n    \n    \n    <\/div>\n\n\n\n\n\n            \n        <\/li>\n                    <li class=\"wpra-item feed-item \">\n            \n            \n\n    <a  href=\"https:\/\/madeiraisland.news\/?post_type=post&amp;p=1208562\"  rel=\"nofollow\" class=\"colorbox\">Madeira acolhe o 52.\u00ba anivers\u00e1rio do Estado-Maior-General das For\u00e7as Armadas<\/a>\n\n\n\n        \n\n\n<div class=\"wprss-feed-meta\">\n            <span class=\"feed-source\">\n            Source:\n\n                            Funchal Not\u00edcias\n                    <\/span>\n    \n    \n    <\/div>\n\n\n\n\n\n            \n        <\/li>\n                    <li class=\"wpra-item feed-item \">\n            \n            \n\n    <a  href=\"https:\/\/madeiraisland.news\/?post_type=post&amp;p=1208558\"  rel=\"nofollow\" class=\"colorbox\">Sorcery \u00e9 o primeiro veleiro a cortar a meta da XXIV Regata Internacional Can\u00e1rias \u2013 Madeira<\/a>\n\n\n\n        \n\n\n<div class=\"wprss-feed-meta\">\n            <span class=\"feed-source\">\n            Source:\n\n                            Funchal Not\u00edcias\n                    <\/span>\n    \n    \n    <\/div>\n\n\n\n\n\n            \n        <\/li>\n                    <li class=\"wpra-item feed-item \">\n            \n            \n\n    <a  href=\"https:\/\/madeiraisland.news\/?post_type=post&amp;p=1208560\"  rel=\"nofollow\" class=\"colorbox\">Tro\u00e7o do Passeio Mar\u00edtimo da Praia Formosa\u2013Socorridos encerrado<\/a>\n\n\n\n        \n\n\n<div class=\"wprss-feed-meta\">\n            <span class=\"feed-source\">\n            Source:\n\n                            Funchal Not\u00edcias\n                    <\/span>\n    \n    \n    <\/div>\n\n\n\n\n\n            \n        <\/li>\n                    <li class=\"wpra-item feed-item \">\n            \n            \n\n    <a  href=\"https:\/\/madeiraisland.news\/?post_type=post&amp;p=1208555\"  rel=\"nofollow\" class=\"colorbox\">Montenegro afirma que Lu\u00eds Neves tem mostrado aptid\u00e3o para resolver problemas<\/a>\n\n\n\n        \n\n\n<div class=\"wprss-feed-meta\">\n            <span class=\"feed-source\">\n            Source:\n\n                            Pais\n                    <\/span>\n    \n    \n    <\/div>\n\n\n\n\n\n            \n        <\/li>\n                    <li class=\"wpra-item feed-item \">\n            \n            \n\n    <a  href=\"https:\/\/madeiraisland.news\/?post_type=post&amp;p=1208552\"  rel=\"nofollow\" class=\"colorbox\">Um ano ap\u00f3s acidente \u00e9 dia de homenagear as v\u00edtimas do elevador da Gl\u00f3ria<\/a>\n\n\n\n        \n\n\n<div class=\"wprss-feed-meta\">\n            <span class=\"feed-source\">\n            Source:\n\n                            Pais\n                    <\/span>\n    \n    \n    <\/div>\n\n\n\n\n\n            \n        <\/li>\n                    <li class=\"wpra-item feed-item \">\n            \n            \n\n    <a  href=\"https:\/\/madeiraisland.news\/?post_type=post&amp;p=1208550\"  rel=\"nofollow\" class=\"colorbox\">Queda na varanda mobiliza bombeiros na Travessa Costa Dias<\/a>\n\n\n\n        \n\n\n<div class=\"wprss-feed-meta\">\n            <span class=\"feed-source\">\n            Source:\n\n                            Casos do dia\n                    <\/span>\n    \n    \n    <\/div>\n\n\n\n\n\n            \n        <\/li>\n                    <li class=\"wpra-item feed-item \">\n            \n            \n\n    <a  href=\"https:\/\/madeiraisland.news\/?post_type=post&amp;p=1208548\"  rel=\"nofollow\" class=\"colorbox\">Acidente na Rua 5 de Outubro provoca dois feridos<\/a>\n\n\n\n        \n\n\n<div class=\"wprss-feed-meta\">\n            <span class=\"feed-source\">\n            Source:\n\n                            Casos do dia\n                    <\/span>\n    \n    \n    <\/div>\n\n\n\n\n\n            \n        <\/li>\n                    <li class=\"wpra-item feed-item \">\n            \n            \n\n    <a  href=\"https:\/\/madeiraisland.news\/?post_type=post&amp;p=1208546\"  rel=\"nofollow\" class=\"colorbox\">Viol\u00eancia dom\u00e9stica termina \u00e0 facada no Jardim da Serra<\/a>\n\n\n\n        \n\n\n<div class=\"wprss-feed-meta\">\n            <span class=\"feed-source\">\n            Source:\n\n                            Casos do dia\n                    <\/span>\n    \n    \n    <\/div>\n\n\n\n\n\n            \n        <\/li>\n                    <li class=\"wpra-item feed-item \">\n            \n            \n\n    <a  href=\"https:\/\/madeiraisland.news\/?post_type=post&amp;p=1208543\"  rel=\"nofollow\" class=\"colorbox\">\u00c9poca especial de exames do ensino secund\u00e1rio come\u00e7a hoje<\/a>\n\n\n\n        \n\n\n<div class=\"wprss-feed-meta\">\n            <span class=\"feed-source\">\n            Source:\n\n                            Pais\n                    <\/span>\n    \n    \n    <\/div>\n\n\n\n\n\n            \n        <\/li>\n                    <li class=\"wpra-item feed-item \">\n            \n            \n\n    <a  href=\"https:\/\/madeiraisland.news\/?post_type=post&amp;p=1208538\"  rel=\"nofollow\" class=\"colorbox\">Acidente condiciona tr\u00e2nsito na Rua 5 de Outubro<\/a>\n\n\n\n        \n\n\n<div class=\"wprss-feed-meta\">\n            <span class=\"feed-source\">\n            Source:\n\n                            Casos do dia\n                    <\/span>\n    \n    \n    <\/div>\n\n\n\n\n\n            \n        <\/li>\n                    <li class=\"wpra-item feed-item \">\n            \n            \n\n    <a  href=\"https:\/\/madeiraisland.news\/?post_type=post&amp;p=1208540\"  rel=\"nofollow\" class=\"colorbox\">Pol\u00edtica nacional em destaque em v\u00e1rios jornais<\/a>\n\n\n\n        \n\n\n<div class=\"wprss-feed-meta\">\n            <span class=\"feed-source\">\n            Source:\n\n                            Pais\n                    <\/span>\n    \n    \n    <\/div>\n\n\n\n\n\n            \n        <\/li>\n                    <li class=\"wpra-item feed-item \">\n            \n            \n\n    <a  href=\"https:\/\/madeiraisland.news\/?post_type=post&amp;p=1208536\"  rel=\"nofollow\" class=\"colorbox\">Passaporte da poncha lan\u00e7ado amanh\u00e3<\/a>\n\n\n\n        \n\n\n<div class=\"wprss-feed-meta\">\n            <span class=\"feed-source\">\n            Source:\n\n                            Funchal Not\u00edcias\n                    <\/span>\n    \n    \n    <\/div>\n\n\n\n\n\n            \n        <\/li>\n                    <li class=\"wpra-item feed-item \">\n            \n            \n\n    <a  href=\"https:\/\/madeiraisland.news\/?post_type=post&amp;p=1208533\"  rel=\"nofollow\" class=\"colorbox\">Pre\u00e7o do leite para os consumidores cai 2 c\u00eantimos desde Janeiro<\/a>\n\n\n\n        \n\n\n<div class=\"wprss-feed-meta\">\n            <span class=\"feed-source\">\n            Source:\n\n                            Pais\n                    <\/span>\n    \n    \n    <\/div>\n\n\n\n\n\n            \n        <\/li>\n                    <li class=\"wpra-item feed-item \">\n            \n            \n\n    <a  href=\"https:\/\/madeiraisland.news\/?post_type=post&amp;p=1208527\"  rel=\"nofollow\" class=\"colorbox\">GNR deteve mais de 8 mil condutores alcoolizados desde o in\u00edcio do ano<\/a>\n\n\n\n        \n\n\n<div class=\"wprss-feed-meta\">\n            <span class=\"feed-source\">\n            Source:\n\n                            Pais\n                    <\/span>\n    \n    \n    <\/div>\n\n\n\n\n\n            \n        <\/li>\n                    <li class=\"wpra-item feed-item \">\n            \n            \n\n    <a  href=\"https:\/\/madeiraisland.news\/?post_type=post&amp;p=1208530\"  rel=\"nofollow\" class=\"colorbox\">Onze concelhos de quatro distritos em perigo m\u00e1ximo<\/a>\n\n\n\n        \n\n\n<div class=\"wprss-feed-meta\">\n            <span class=\"feed-source\">\n            Source:\n\n                            Pais\n                    <\/span>\n    \n    \n    <\/div>\n\n\n\n\n\n            \n        <\/li>\n                    <li class=\"wpra-item feed-item \">\n            \n            \n\n    <a  href=\"https:\/\/madeiraisland.news\/?post_type=post&amp;p=1208525\"  rel=\"nofollow\" class=\"colorbox\">Casa de Lourdes Castro agora \u00e0 venda por quatro milh\u00f5es e cem mil euros<\/a>\n\n\n\n        \n\n\n<div class=\"wprss-feed-meta\">\n            <span class=\"feed-source\">\n            Source:\n\n                            Funchal Not\u00edcias\n                    <\/span>\n    \n    \n    <\/div>\n\n\n\n\n\n            \n        <\/li>\n                    <li class=\"wpra-item feed-item \">\n            \n            \n\n    <a  href=\"https:\/\/madeiraisland.news\/?post_type=post&amp;p=1208522\"  rel=\"nofollow\" class=\"colorbox\">Rangel n\u00e3o prev\u00ea novas medidas da UE sobre Cisjord\u00e2nia at\u00e9 elei\u00e7\u00f5es em Israel<\/a>\n\n\n\n        \n\n\n<div class=\"wprss-feed-meta\">\n            <span class=\"feed-source\">\n            Source:\n\n                            Pais\n                    <\/span>\n    \n    \n    <\/div>\n\n\n\n\n\n            \n        <\/li>\n                    <li class=\"wpra-item feed-item \">\n            \n            \n\n    <a  href=\"https:\/\/madeiraisland.news\/?post_type=post&amp;p=1208520\"  rel=\"nofollow\" class=\"colorbox\">Vigiarte Lda. esclarece obra no Jardim do Mar, questionada pelo partido Nova Direita<\/a>\n\n\n\n        \n\n\n<div class=\"wprss-feed-meta\">\n            <span class=\"feed-source\">\n            Source:\n\n                            Funchal Not\u00edcias\n                    <\/span>\n    \n    \n    <\/div>\n\n\n\n\n\n            \n        <\/li>\n                    <li class=\"wpra-item feed-item \">\n            \n            \n\n    <a  href=\"https:\/\/madeiraisland.news\/?post_type=post&amp;p=1208517\"  rel=\"nofollow\" class=\"colorbox\">Hugo Soares considera mo\u00e7\u00e3o do Chega rid\u00edcula e n\u00e3o acredita que PR envie &#8220;recados por amigos&#8221;<\/a>\n\n\n\n        \n\n\n<div class=\"wprss-feed-meta\">\n            <span class=\"feed-source\">\n            Source:\n\n                            Pais\n                    <\/span>\n    \n    \n    <\/div>\n\n\n\n\n\n            \n        <\/li>\n                    <li class=\"wpra-item feed-item \">\n            \n            \n\n    <a  href=\"https:\/\/madeiraisland.news\/?post_type=post&amp;p=1208514\"  rel=\"nofollow\" class=\"colorbox\">Veja se acertou na chave do Totoloto<\/a>\n\n\n\n        \n\n\n<div class=\"wprss-feed-meta\">\n            <span class=\"feed-source\">\n            Source:\n\n                            Pais\n                    <\/span>\n    \n    \n    <\/div>\n\n\n\n\n\n            \n        <\/li>\n                    <li class=\"wpra-item feed-item \">\n            \n            \n\n    <a  href=\"https:\/\/madeiraisland.news\/?post_type=post&amp;p=1208511\"  rel=\"nofollow\" class=\"colorbox\">Aguiar-Branco remete para l\u00edderes parlamentares se mo\u00e7\u00e3o de censura \u00e9 debatida a 10 ou 17 de Setembro<\/a>\n\n\n\n        \n\n\n<div class=\"wprss-feed-meta\">\n            <span class=\"feed-source\">\n            Source:\n\n                            Pais\n                    <\/span>\n    \n    \n    <\/div>\n\n\n\n\n\n            \n        <\/li>\n                    <li class=\"wpra-item feed-item \">\n            \n            \n\n    <a  href=\"https:\/\/madeiraisland.news\/?post_type=post&amp;p=1208509\"  rel=\"nofollow\" class=\"colorbox\">Areias retiradas da marina do Porto Santo depositadas em zona de Bandeira Azul<\/a>\n\n\n\n        \n\n\n<div class=\"wprss-feed-meta\">\n            <span class=\"feed-source\">\n            Source:\n\n                            Funchal Not\u00edcias\n                    <\/span>\n    \n    \n    <\/div>\n\n\n\n\n\n            \n        <\/li>\n                    <li class=\"wpra-item feed-item \">\n            \n            \n\n    <a  href=\"https:\/\/madeiraisland.news\/?post_type=post&amp;p=1208506\"  rel=\"nofollow\" class=\"colorbox\">Mo\u00e7\u00e3o de censura do CDS-PP ao Governo em 1994 s\u00f3 foi debatida depois das f\u00e9rias parlamentares<\/a>\n\n\n\n        \n\n\n<div class=\"wprss-feed-meta\">\n            <span class=\"feed-source\">\n            Source:\n\n                            Pais\n                    <\/span>\n    \n    \n    <\/div>\n\n\n\n\n\n            \n        <\/li>\n                    <li class=\"wpra-item feed-item \">\n            \n            \n\n    <a  href=\"https:\/\/madeiraisland.news\/?post_type=post&amp;p=1208504\"  rel=\"nofollow\" class=\"colorbox\">Queda de pedras de grandes dimens\u00f5es na Eira do Serrado<\/a>\n\n\n\n        \n\n\n<div class=\"wprss-feed-meta\">\n            <span class=\"feed-source\">\n            Source:\n\n                            Casos do dia\n                    <\/span>\n    \n    \n    <\/div>\n\n\n\n\n\n            \n        <\/li>\n                    <li class=\"wpra-item feed-item \">\n            \n            \n\n    <a  href=\"https:\/\/madeiraisland.news\/?post_type=post&amp;p=1208500\"  rel=\"nofollow\" class=\"colorbox\">Nova paragem no Pelourinho estreia com autocarros em fila e passageiros perdidos<\/a>\n\n\n\n        \n\n\n<div class=\"wprss-feed-meta\">\n            <span class=\"feed-source\">\n            Source:\n\n                            Casos do dia\n                    <\/span>\n    \n    \n    <\/div>\n\n\n\n\n\n            \n        <\/li>\n                    <li class=\"wpra-item feed-item \">\n            \n            \n\n    <a  href=\"https:\/\/madeiraisland.news\/?post_type=post&amp;p=1208502\"  rel=\"nofollow\" class=\"colorbox\">Chega vai mesmo avan\u00e7ar com mo\u00e7\u00e3o de censura ao Governo central<\/a>\n\n\n\n        \n\n\n<div class=\"wprss-feed-meta\">\n            <span class=\"feed-source\">\n            Source:\n\n                            Funchal Not\u00edcias\n                    <\/span>\n    \n    \n    <\/div>\n\n\n\n\n\n            \n        <\/li>\n                    <li class=\"wpra-item feed-item \">\n            \n            \n\n    <a  href=\"https:\/\/madeiraisland.news\/?post_type=post&amp;p=1208497\"  rel=\"nofollow\" class=\"colorbox\">Aguiar-Branco convoca confer\u00eancia de l\u00edderes para 5.\u00aa feira para decidir data da mo\u00e7\u00e3o de censura do Chega<\/a>\n\n\n\n        \n\n\n<div class=\"wprss-feed-meta\">\n            <span class=\"feed-source\">\n            Source:\n\n                            Pais\n                    <\/span>\n    \n    \n    <\/div>\n\n\n\n\n\n            \n        <\/li>\n                    <li class=\"wpra-item feed-item \">\n            \n            \n\n    <a  href=\"https:\/\/madeiraisland.news\/?post_type=post&amp;p=1208493\"  rel=\"nofollow\" class=\"colorbox\">Novo navio da ARDITI j\u00e1 est\u00e1 constru\u00eddo e entra agora em fase de testes<\/a>\n\n\n\n        \n\n\n<div class=\"wprss-feed-meta\">\n            <span class=\"feed-source\">\n            Source:\n\n                            Funchal Not\u00edcias\n                    <\/span>\n    \n    \n    <\/div>\n\n\n\n\n\n            \n        <\/li>\n                    <li class=\"wpra-item feed-item \">\n            \n            \n\n    <a  href=\"https:\/\/madeiraisland.news\/?post_type=post&amp;p=1208495\"  rel=\"nofollow\" class=\"colorbox\">C\u00e2mara da Ponta do Sol assegura \u201ctranspar\u00eancia\u201d no processo da nova Esquadra da PSP<\/a>\n\n\n\n        \n\n\n<div class=\"wprss-feed-meta\">\n            <span class=\"feed-source\">\n            Source:\n\n                            Funchal Not\u00edcias\n                    <\/span>\n    \n    \n    <\/div>\n\n\n\n\n\n            \n        <\/li>\n                    <li class=\"wpra-item feed-item \">\n            \n            \n\n    <a  href=\"https:\/\/madeiraisland.news\/?post_type=post&amp;p=1208490\"  rel=\"nofollow\" class=\"colorbox\">Ventura diz que se PS n\u00e3o acompanhar censura, quer continuidade de Lu\u00eds Neves<\/a>\n\n\n\n        \n\n\n<div class=\"wprss-feed-meta\">\n            <span class=\"feed-source\">\n            Source:\n\n                            Pais\n                    <\/span>\n    \n    \n    <\/div>\n\n\n\n\n\n            \n        <\/li>\n                    <li class=\"wpra-item feed-item \">\n            \n            \n\n    <a  href=\"https:\/\/madeiraisland.news\/?post_type=post&amp;p=1208488\"  rel=\"nofollow\" class=\"colorbox\">JPP diz que falta de t\u00e9cnicos de diagn\u00f3stico resulta de \u201cdesinvestimento humano\u201d<\/a>\n\n\n\n        \n\n\n<div class=\"wprss-feed-meta\">\n            <span class=\"feed-source\">\n            Source:\n\n                            Funchal Not\u00edcias\n                    <\/span>\n    \n    \n    <\/div>\n\n\n\n\n\n            \n        <\/li>\n                    <li class=\"wpra-item feed-item \">\n            \n            \n\n    <a  href=\"https:\/\/madeiraisland.news\/?post_type=post&amp;p=1208484\"  rel=\"nofollow\" class=\"colorbox\">Ordem dos Engenheiros T\u00e9cnicos assinala hoje efem\u00e9ride<\/a>\n\n\n\n        \n\n\n<div class=\"wprss-feed-meta\">\n            <span class=\"feed-source\">\n            Source:\n\n                            Funchal Not\u00edcias\n                    <\/span>\n    \n    \n    <\/div>\n\n\n\n\n\n            \n        <\/li>\n                    <li class=\"wpra-item feed-item \">\n            \n            \n\n    <a  href=\"https:\/\/madeiraisland.news\/?post_type=post&amp;p=1208486\"  rel=\"nofollow\" class=\"colorbox\">ADN divulga extenso comunicado defendendo os direitos dos agentes da PSP<\/a>\n\n\n\n        \n\n\n<div class=\"wprss-feed-meta\">\n            <span class=\"feed-source\">\n            Source:\n\n                            Funchal Not\u00edcias\n                    <\/span>\n    \n    \n    <\/div>\n\n\n\n\n\n            \n        <\/li>\n                    <li class=\"wpra-item feed-item \">\n            \n            \n\n    <a  href=\"https:\/\/madeiraisland.news\/?post_type=post&amp;p=1208482\"  rel=\"nofollow\" class=\"colorbox\">Bordal com nova colec\u00e7\u00e3o inspirada no Vinho Madeira<\/a>\n\n\n\n        \n\n\n<div class=\"wprss-feed-meta\">\n            <span class=\"feed-source\">\n            Source:\n\n                            Funchal Not\u00edcias\n                    <\/span>\n    \n    \n    <\/div>\n\n\n\n\n\n            \n        <\/li>\n                    <li class=\"wpra-item feed-item \">\n            \n            \n\n    <a  href=\"https:\/\/madeiraisland.news\/?post_type=post&amp;p=1208477\"  rel=\"nofollow\" class=\"colorbox\">Turista alem\u00e3 de 72 anos fractura a perna em hotel no Funchal<\/a>\n\n\n\n        \n\n\n<div class=\"wprss-feed-meta\">\n            <span class=\"feed-source\">\n            Source:\n\n                            Casos do dia\n                    <\/span>\n    \n    \n    <\/div>\n\n\n\n\n\n            \n        <\/li>\n                    <li class=\"wpra-item feed-item \">\n            \n            \n\n    <a  href=\"https:\/\/madeiraisland.news\/?post_type=post&amp;p=1208479\"  rel=\"nofollow\" class=\"colorbox\">Mo\u00e7\u00e3o de censura do Chega ser\u00e1 primeira do actual Governo e terceira contra executivos de Montenegro<\/a>\n\n\n\n        \n\n\n<div class=\"wprss-feed-meta\">\n            <span class=\"feed-source\">\n            Source:\n\n                            Pais\n                    <\/span>\n    \n    \n    <\/div>\n\n\n\n\n\n            \n        <\/li>\n                    <li class=\"wpra-item feed-item \">\n            \n            \n\n    <a  href=\"https:\/\/madeiraisland.news\/?post_type=post&amp;p=1208472\"  rel=\"nofollow\" class=\"colorbox\">Par\u00f3quia da Encarna\u00e7\u00e3o celebra festa do Sant\u00edssimo Sacramento<\/a>\n\n\n\n        \n\n\n<div class=\"wprss-feed-meta\">\n            <span class=\"feed-source\">\n            Source:\n\n                            Funchal Not\u00edcias\n                    <\/span>\n    \n    \n    <\/div>\n\n\n\n\n\n            \n        <\/li>\n                    <li class=\"wpra-item feed-item \">\n            \n            \n\n    <a  href=\"https:\/\/madeiraisland.news\/?post_type=post&amp;p=1208474\"  rel=\"nofollow\" class=\"colorbox\">Chega avan\u00e7a com mo\u00e7\u00e3o de censura ao Governo<\/a>\n\n\n\n        \n\n\n<div class=\"wprss-feed-meta\">\n            <span class=\"feed-source\">\n            Source:\n\n                            Pais\n                    <\/span>\n    \n    \n    <\/div>\n\n\n\n\n\n            \n        <\/li>\n                    <li class=\"wpra-item feed-item \">\n            \n            \n\n    <a  href=\"https:\/\/madeiraisland.news\/?post_type=post&amp;p=1208468\"  rel=\"nofollow\" class=\"colorbox\">PSP e SESARAM realizam o 1.\u00ba Encontro \u201cSeguran\u00e7a e Sa\u00fade\u201d<\/a>\n\n\n\n        \n\n\n<div class=\"wprss-feed-meta\">\n            <span class=\"feed-source\">\n            Source:\n\n                            Funchal Not\u00edcias\n                    <\/span>\n    \n    \n    <\/div>\n\n\n\n\n\n            \n        <\/li>\n                    <li class=\"wpra-item feed-item \">\n            \n            \n\n    <a  href=\"https:\/\/madeiraisland.news\/?post_type=post&amp;p=1208470\"  rel=\"nofollow\" class=\"colorbox\">CHEGA quer suplemento de miss\u00e3o e fixa\u00e7\u00e3o para for\u00e7as de seguran\u00e7a na Madeira<\/a>\n\n\n\n        \n\n\n<div class=\"wprss-feed-meta\">\n            <span class=\"feed-source\">\n            Source:\n\n                            Funchal Not\u00edcias\n                    <\/span>\n    \n    \n    <\/div>\n\n\n\n\n\n            \n        <\/li>\n                    <li class=\"wpra-item feed-item \">\n            \n            \n\n    <a  href=\"https:\/\/madeiraisland.news\/?post_type=post&amp;p=1208464\"  rel=\"nofollow\" class=\"colorbox\">PS-M apresenta voto de congratula\u00e7\u00e3o \u00e0 atleta Francisca Henriques<\/a>\n\n\n\n        \n\n\n<div class=\"wprss-feed-meta\">\n            <span class=\"feed-source\">\n            Source:\n\n                            Funchal Not\u00edcias\n                    <\/span>\n    \n    \n    <\/div>\n\n\n\n\n\n            \n        <\/li>\n                    <li class=\"wpra-item feed-item \">\n            \n            \n\n    <a  href=\"https:\/\/madeiraisland.news\/?post_type=post&amp;p=1208466\"  rel=\"nofollow\" class=\"colorbox\">RAM concorre com sete patrim\u00f3nios \u00e0 meia final das \u201cNovas 7 Maravilhas de Portugal\u201d<\/a>\n\n\n\n        \n\n\n<div class=\"wprss-feed-meta\">\n            <span class=\"feed-source\">\n            Source:\n\n                            Funchal Not\u00edcias\n                    <\/span>\n    \n    \n    <\/div>\n\n\n\n\n\n            \n        <\/li>\n                    <li class=\"wpra-item feed-item \">\n            \n            \n\n    <a  href=\"https:\/\/madeiraisland.news\/?post_type=post&amp;p=1208459\"  rel=\"nofollow\" class=\"colorbox\">Mulher atropelada junto a passadeira no Funchal<\/a>\n\n\n\n        \n\n\n<div class=\"wprss-feed-meta\">\n            <span class=\"feed-source\">\n            Source:\n\n                            Casos do dia\n                    <\/span>\n    \n    \n    <\/div>\n\n\n\n\n\n            \n        <\/li>\n                    <li class=\"wpra-item feed-item \">\n            \n            \n\n    <a  href=\"https:\/\/madeiraisland.news\/?post_type=post&amp;p=1208461\"  rel=\"nofollow\" class=\"colorbox\">Aguiar Branco defende nos A\u00e7ores refor\u00e7o e aprofundamento das autonomias<\/a>\n\n\n\n        \n\n\n<div class=\"wprss-feed-meta\">\n            <span class=\"feed-source\">\n            Source:\n\n                            Pais\n                    <\/span>\n    \n    \n    <\/div>\n\n\n\n\n\n            \n        <\/li>\n                    <li class=\"wpra-item feed-item \">\n            \n            \n\n    <a  href=\"https:\/\/madeiraisland.news\/?post_type=post&amp;p=1208456\"  rel=\"nofollow\" class=\"colorbox\">Cabaz alimentar volta a subir 2,11 euros na \u00faltima semana para 254,73 euros<\/a>\n\n\n\n        \n\n\n<div class=\"wprss-feed-meta\">\n            <span class=\"feed-source\">\n            Source:\n\n                            Pais\n                    <\/span>\n    \n    \n    <\/div>\n\n\n\n\n\n            \n        <\/li>\n                    <li class=\"wpra-item feed-item \">\n            \n            \n\n    <a  href=\"https:\/\/madeiraisland.news\/?post_type=post&amp;p=1208454\"  rel=\"nofollow\" class=\"colorbox\">PS denuncia duplica\u00e7\u00e3o do pre\u00e7o da obra da esquadra da PSP na Ponta do Sol<\/a>\n\n\n\n        \n\n\n<div class=\"wprss-feed-meta\">\n            <span class=\"feed-source\">\n            Source:\n\n                            Funchal Not\u00edcias\n                    <\/span>\n    \n    \n    <\/div>\n\n\n\n\n\n            \n        <\/li>\n                    <li class=\"wpra-item feed-item \">\n            \n            \n\n    <a  href=\"https:\/\/madeiraisland.news\/?post_type=post&amp;p=1208452\"  rel=\"nofollow\" class=\"colorbox\">Continente promove cinema na Madeira com \u201cO Diabo Veste Prada 2\u201d<\/a>\n\n\n\n        \n\n\n<div class=\"wprss-feed-meta\">\n            <span class=\"feed-source\">\n            Source:\n\n                            Funchal Not\u00edcias\n                    <\/span>\n    \n    \n    <\/div>\n\n\n\n\n\n            \n        <\/li>\n                    <li class=\"wpra-item feed-item \">\n            \n            \n\n    <a  href=\"https:\/\/madeiraisland.news\/?post_type=post&amp;p=1208448\"  rel=\"nofollow\" class=\"colorbox\">Capotamento na Cancela causa um ferido ligeiro<\/a>\n\n\n\n        \n\n\n<div class=\"wprss-feed-meta\">\n            <span class=\"feed-source\">\n            Source:\n\n                            Casos do dia\n                    <\/span>\n    \n    \n    <\/div>\n\n\n\n\n\n            \n        <\/li>\n                    <li class=\"wpra-item feed-item \">\n            \n            \n\n    <a  href=\"https:\/\/madeiraisland.news\/?post_type=post&amp;p=1208450\"  rel=\"nofollow\" class=\"colorbox\">JPP faz balan\u00e7o positivo da visita a Jersey e dos contactos com a comunidade madeirense<\/a>\n\n\n\n        \n\n\n<div class=\"wprss-feed-meta\">\n            <span class=\"feed-source\">\n            Source:\n\n                            Funchal Not\u00edcias\n                    <\/span>\n    \n    \n    <\/div>\n\n\n\n\n\n            \n        <\/li>\n                    <li class=\"wpra-item feed-item \">\n            \n            \n\n    <a  href=\"https:\/\/madeiraisland.news\/?post_type=post&amp;p=1208442\"  rel=\"nofollow\" class=\"colorbox\">Seguran\u00e7a Social alerta para tentativas de fraude<\/a>\n\n\n\n        \n\n\n<div class=\"wprss-feed-meta\">\n            <span class=\"feed-source\">\n            Source:\n\n                            Pais\n                    <\/span>\n    \n    \n    <\/div>\n\n\n\n\n\n            \n        <\/li>\n                    <li class=\"wpra-item feed-item \">\n            \n            \n\n    <a  href=\"https:\/\/madeiraisland.news\/?post_type=post&amp;p=1208445\"  rel=\"nofollow\" class=\"colorbox\">Elevador da Gl\u00f3ria: relat\u00f3rio do MP aguarda resultado de peritagens<\/a>\n\n\n\n        \n\n\n<div class=\"wprss-feed-meta\">\n            <span class=\"feed-source\">\n            Source:\n\n                            Pais\n                    <\/span>\n    \n    \n    <\/div>\n\n\n\n\n\n            \n        <\/li>\n                    <li class=\"wpra-item feed-item \">\n            \n            \n\n    <a  href=\"https:\/\/madeiraisland.news\/?post_type=post&amp;p=1208437\"  rel=\"nofollow\" class=\"colorbox\">Evolu\u00e7\u00e3o da Ponte do Pelourinho, hoje fechada a ferros<\/a>\n\n\n\n        \n\n\n<div class=\"wprss-feed-meta\">\n            <span class=\"feed-source\">\n            Source:\n\n                            Funchal Not\u00edcias\n                    <\/span>\n    \n    \n    <\/div>\n\n\n\n\n\n            \n        <\/li>\n                    <li class=\"wpra-item feed-item \">\n            \n            \n\n    <a  href=\"https:\/\/madeiraisland.news\/?post_type=post&amp;p=1208439\"  rel=\"nofollow\" class=\"colorbox\">CT da Lusa apela a interven\u00e7\u00e3o de Aguiar-Branco sobre amea\u00e7as de deputado do Chega<\/a>\n\n\n\n        \n\n\n<div class=\"wprss-feed-meta\">\n            <span class=\"feed-source\">\n            Source:\n\n                            Pais\n                    <\/span>\n    \n    \n    <\/div>\n\n\n\n\n\n            \n        <\/li>\n                    <li class=\"wpra-item feed-item \">\n            \n            \n\n    <a  href=\"https:\/\/madeiraisland.news\/?post_type=post&amp;p=1208435\"  rel=\"nofollow\" class=\"colorbox\">Inscri\u00e7\u00f5es \u2013 Futebol de forma\u00e7\u00e3o: formar cidad\u00e3os deve estar antes de formar jogadores<\/a>\n\n\n\n        \n\n\n<div class=\"wprss-feed-meta\">\n            <span class=\"feed-source\">\n            Source:\n\n                            Funchal Not\u00edcias\n                    <\/span>\n    \n    \n    <\/div>\n\n\n\n\n\n            \n        <\/li>\n                    <li class=\"wpra-item feed-item \">\n            \n            \n\n    <a  href=\"https:\/\/madeiraisland.news\/?post_type=post&amp;p=1208433\"  rel=\"nofollow\" class=\"colorbox\">PSP retira armas a homem alcoolizado e em estado depressivo em Santana<\/a>\n\n\n\n        \n\n\n<div class=\"wprss-feed-meta\">\n            <span class=\"feed-source\">\n            Source:\n\n                            Casos do dia\n                    <\/span>\n    \n    \n    <\/div>\n\n\n\n\n\n            \n        <\/li>\n        <\/ul>\n\n            \n\n\n<div class=\"nav-links\">\n                                <span class=\"alignleft wpra-feed-current-page\">\n                1\n            <\/span>\n                                <div class=\"nav-next alignleft wpra-feed-page\">\n                <a data-wpra-page=\"2\">\n                    2\n                <\/a>\n            <\/div>\n                            <div class=\"nav-next alignleft wpra-feed-next-pages\">\n            <a data-wpra-page=\"2\">\n                Next            <\/a>\n        <\/div>\n    <\/div>\n\n        \n<\/div>\n\n<\/div>\n<\/div><\/div>\n<\/div><\/div>\n","protected":false},"excerpt":{"rendered":"<p>Welcome to Madeira Island News. The most up-to-date and comprehensive source of news from Madeira Island, updated real-time, immediately news &#8230; <\/p>\n<p class=\"read-more-container\"><a title=\"madeira island news\" class=\"read-more button\" href=\"https:\/\/madeiraisland.news\/?p=1#more-1\" aria-label=\"Read more about madeira island news\">Read more<\/a><\/p>\n","protected":false},"author":1,"featured_media":0,"comment_status":"closed","ping_status":"closed","sticky":false,"template":"","format":"standard","meta":{"footnotes":""},"categories":[1],"tags":[],"class_list":["post-1","post","type-post","status-publish","format-standard","hentry","category-uncategorized","infinite-scroll-item","masonry-post","generate-columns","tablet-grid-50","mobile-grid-100","grid-parent","grid-33"],"_links":{"self":[{"href":"https:\/\/madeiraisland.news\/index.php?rest_route=\/wp\/v2\/posts\/1","targetHints":{"allow":["GET"]}}],"collection":[{"href":"https:\/\/madeiraisland.news\/index.php?rest_route=\/wp\/v2\/posts"}],"about":[{"href":"https:\/\/madeiraisland.news\/index.php?rest_route=\/wp\/v2\/types\/post"}],"author":[{"embeddable":true,"href":"https:\/\/madeiraisland.news\/index.php?rest_route=\/wp\/v2\/users\/1"}],"replies":[{"embeddable":true,"href":"https:\/\/madeiraisland.news\/index.php?rest_route=%2Fwp%2Fv2%2Fcomments&post=1"}],"version-history":[{"count":0,"href":"https:\/\/madeiraisland.news\/index.php?rest_route=\/wp\/v2\/posts\/1\/revisions"}],"wp:attachment":[{"href":"https:\/\/madeiraisland.news\/index.php?rest_route=%2Fwp%2Fv2%2Fmedia&parent=1"}],"wp:term":[{"taxonomy":"category","embeddable":true,"href":"https:\/\/madeiraisland.news\/index.php?rest_route=%2Fwp%2Fv2%2Fcategories&post=1"},{"taxonomy":"post_tag","embeddable":true,"href":"https:\/\/madeiraisland.news\/index.php?rest_route=%2Fwp%2Fv2%2Ftags&post=1"}],"curies":[{"name":"wp","href":"https:\/\/api.w.org\/{rel}","templated":true}]}}